{"id":40692,"date":"2023-10-30T19:58:50","date_gmt":"2023-10-30T19:58:50","guid":{"rendered":"https:\/\/armstrongyregion.com.ar\/diario\/?p=40692"},"modified":"2023-10-30T19:58:52","modified_gmt":"2023-10-30T19:58:52","slug":"municipalidad-de-armstrong-comunicado","status":"publish","type":"post","link":"https:\/\/armstrongyregion.com.ar\/diario\/municipalidad-de-armstrong-comunicado\/","title":{"rendered":"Municipalidad de Armstrong. Comunicado:"},"content":{"rendered":"\n<figure class=\"wp-block-image size-full\"><a href=\"http:\/\/armstrongyregion.com.ar\/diario\/wp-content\/uploads\/2023\/10\/Cementerio.jpg\"><img loading=\"lazy\" decoding=\"async\" width=\"540\" height=\"322\" src=\"http:\/\/armstrongyregion.com.ar\/diario\/wp-content\/uploads\/2023\/10\/Cementerio.jpg\" alt=\"\" class=\"wp-image-40693\" srcset=\"https:\/\/armstrongyregion.com.ar\/diario\/wp-content\/uploads\/2023\/10\/Cementerio.jpg 540w, https:\/\/armstrongyregion.com.ar\/diario\/wp-content\/uploads\/2023\/10\/Cementerio-300x179.jpg 300w\" sizes=\"auto, (max-width: 540px) 100vw, 540px\" \/><\/a><\/figure>\n\n\n\n<p>La Municipalidad de Armstrong a trav\u00e9s de la Secretar\u00eda de Gobierno informa a los ciudadanos que los d\u00edas 1 y 2 de noviembre se realizar\u00e1n viajes hacia el cementerio local con motivo del d\u00eda de todos los Santos y d\u00eda de los Fieles Difuntos, saliendo desde Plaza San Mart\u00edn por calle Otto Bantle en los siguientes horarios:<br><strong>Turno ma\u00f1ana: 9 y 11 hs.<\/strong><br><strong>Turno tarde: 14 y 16 hs.<\/strong><\/p>\n\n\n\n<p><br>Por consultas, dirigirse a mesa de entrada del municipio de 7 a 13 hs. Muchas gracias.<\/p>\n","protected":false},"excerpt":{"rendered":"<p>La Municipalidad de Armstrong a trav\u00e9s de la Secretar\u00eda de Gobierno informa a los ciudadanos que los d\u00edas 1 y 2 de noviembre se realizar\u00e1n viajes hacia el cementerio local con motivo del d\u00eda de todos los Santos y d\u00eda de los Fieles Difuntos, saliendo desde Plaza San Mart\u00edn por calle Otto Bantle en los <a href=\"https:\/\/armstrongyregion.com.ar\/diario\/municipalidad-de-armstrong-comunicado\/\" title=\"Read more\" >&#8230;<\/a><\/p>\n","protected":false},"author":1,"featured_media":40693,"comment_status":"open","ping_status":"open","sticky":false,"template":"","format":"image","meta":{"_jetpack_memberships_contains_paid_content":false,"footnotes":"","jetpack_publicize_message":"","jetpack_publicize_feature_enabled":true,"jetpack_social_post_already_shared":true,"jetpack_social_options":{"image_generator_settings":{"template":"highway","default_image_id":0,"enabled":false},"version":2}},"categories":[8,1,2,7],"tags":[20,1080,19,8777,1103],"class_list":["post-40692","post","type-post","status-publish","format-image","has-post-thumbnail","hentry","category-deliberando","category-diario-armstrong","category-locales","category-politica","tag-armstrong","tag-comunicado","tag-de","tag-lic-graciela-de-la-casa","tag-municipalidad","post_format-post-format-image"],"jetpack_publicize_connections":[],"jetpack_featured_media_url":"https:\/\/armstrongyregion.com.ar\/diario\/wp-content\/uploads\/2023\/10\/Cementerio.jpg","jetpack_shortlink":"https:\/\/wp.me\/p62QDO-aAk","jetpack_sharing_enabled":true,"amp_enabled":true,"_links":{"self":[{"href":"https:\/\/armstrongyregion.com.ar\/diario\/wp-json\/wp\/v2\/posts\/40692","targetHints":{"allow":["GET"]}}],"collection":[{"href":"https:\/\/armstrongyregion.com.ar\/diario\/wp-json\/wp\/v2\/posts"}],"about":[{"href":"https:\/\/armstrongyregion.com.ar\/diario\/wp-json\/wp\/v2\/types\/post"}],"author":[{"embeddable":true,"href":"https:\/\/armstrongyregion.com.ar\/diario\/wp-json\/wp\/v2\/users\/1"}],"replies":[{"embeddable":true,"href":"https:\/\/armstrongyregion.com.ar\/diario\/wp-json\/wp\/v2\/comments?post=40692"}],"version-history":[{"count":2,"href":"https:\/\/armstrongyregion.com.ar\/diario\/wp-json\/wp\/v2\/posts\/40692\/revisions"}],"predecessor-version":[{"id":40695,"href":"https:\/\/armstrongyregion.com.ar\/diario\/wp-json\/wp\/v2\/posts\/40692\/revisions\/40695"}],"wp:featuredmedia":[{"embeddable":true,"href":"https:\/\/armstrongyregion.com.ar\/diario\/wp-json\/wp\/v2\/media\/40693"}],"wp:attachment":[{"href":"https:\/\/armstrongyregion.com.ar\/diario\/wp-json\/wp\/v2\/media?parent=40692"}],"wp:term":[{"taxonomy":"category","embeddable":true,"href":"https:\/\/armstrongyregion.com.ar\/diario\/wp-json\/wp\/v2\/categories?post=40692"},{"taxonomy":"post_tag","embeddable":true,"href":"https:\/\/armstrongyregion.com.ar\/diario\/wp-json\/wp\/v2\/tags?post=40692"}],"curies":[{"name":"wp","href":"https:\/\/api.w.org\/{rel}","templated":true}]}}