{"id":40686,"date":"2023-10-30T02:46:16","date_gmt":"2023-10-30T02:46:16","guid":{"rendered":"https:\/\/armstrongyregion.com.ar\/diario\/?p=40686"},"modified":"2023-10-30T02:47:55","modified_gmt":"2023-10-30T02:47:55","slug":"somos-la-unica-municipalidad-de-la-zona-que-esta-avanzando-en-obra-publica","status":"publish","type":"post","link":"https:\/\/armstrongyregion.com.ar\/diario\/somos-la-unica-municipalidad-de-la-zona-que-esta-avanzando-en-obra-publica\/","title":{"rendered":"\u00abSomos la \u00fanica municipalidad de la zona que est\u00e1 avanzando en obra p\u00fablica\u00bb."},"content":{"rendered":"\n<figure class=\"wp-block-image size-full\"><a href=\"http:\/\/armstrongyregion.com.ar\/diario\/wp-content\/uploads\/2023\/02\/javier-Meyer-11-2-23-.jpg\"><img loading=\"lazy\" decoding=\"async\" width=\"473\" height=\"305\" src=\"http:\/\/armstrongyregion.com.ar\/diario\/wp-content\/uploads\/2023\/02\/javier-Meyer-11-2-23-.jpg\" alt=\"\" class=\"wp-image-37491\" srcset=\"https:\/\/armstrongyregion.com.ar\/diario\/wp-content\/uploads\/2023\/02\/javier-Meyer-11-2-23-.jpg 473w, https:\/\/armstrongyregion.com.ar\/diario\/wp-content\/uploads\/2023\/02\/javier-Meyer-11-2-23--300x193.jpg 300w\" sizes=\"auto, (max-width: 473px) 100vw, 473px\" \/><\/a><\/figure>\n\n\n\n<h2 class=\"wp-block-heading\">En su informe semanal se refiri\u00f3 a los trabajos en luminarias, cloacas, tratamiento de residuos, arbolado p\u00fablico. Adem\u00e1s dio sus fundamentos porqu\u00e9 en el balotaje no permanecer\u00e1 neutral y votar\u00e1 a Milei.<\/h2>\n\n\n\n<p><\/p>\n\n\n\n<figure class=\"wp-block-audio\"><audio controls src=\"http:\/\/armstrongyregion.com.ar\/diario\/wp-content\/uploads\/2023\/10\/multimedia.audio_.97a684206bff3d89.U2luIHTDrXR1bG8gKDIpLm1wMw-1.mp3\"><\/audio><figcaption class=\"wp-element-caption\">Intendente de Las Rosas Javier Meyer.<\/figcaption><\/figure>\n\n\n\n<p><\/p>\n\n\n\n<p><strong>Luminarias.<\/strong>\u00a0<em>\u00abVenimos muy bien con el trabajo de luminaria led, ya terminamos calle Bs As en su totalidad, solo falta hormigonar las bases. Anoche estuve recorriendo la obra, hablando con vecinos, y como siempre digo esta cambia rotundamente la fisonom\u00eda de la calle. Ahora ya estamos proyectando calle San Lorenzo que es la pr\u00f3xima que vamos a realizar, y vamos a ir avanzando con otras calles porque material tenemos un interesante acopio de material para seguir con obra, que tendr\u00e1 continuidad\u201d\u00a0<\/em>.<\/p>\n\n\n\n<p><strong>Bacheo.&nbsp;<em>\u00ab<\/em><\/strong><em>Se sigue interviniendo calzadas de hormig\u00f3n para repararlas en aquellos lugares deteriorados, Esta acci\u00f3n demanda m\u00e1s mano de obra que hacer pavimento, y en materiales es pr\u00e1cticamente lo mismo; as\u00ed que venimos muy bien\u00bb&nbsp;<\/em><\/p>\n\n\n\n<p><strong>Manejo de residuos.<\/strong>&nbsp;<em>\u00abEstamos trabajando y proyectando todo el sector de Parques San Mart\u00edn y en todo el sector de la planta de reciclado se est\u00e1 haciendo una refuncionalizaci\u00f3n de las calles dentro del predio. Adem\u00e1s se va a cerrar el ingreso al basural, se alambrar\u00e1, con la intenci\u00f3n de cambiar el recorrido y que, con la persona que tenemos en ese lugar permanentemente, se empiece a hacer una correcta distribuci\u00f3n de los residuos y una separaci\u00f3n un poco m\u00e1s profunda de la que ya se viene haciendo, que es la que viene de casa. Quiero que Las Rosas siga marcando la tendencia y siendo el ejemplo de lo que hay que hacer con la basura. Es un camino largo que hace tiempo venimos transitando, pero vamos llegando cada vez a m\u00e1s volumen, a m\u00e1s toneladas por semana, de reciclado. Se va mejorando much\u00edsimo gracias a que la gente empez\u00f3 a tomar conciencia de que es muy importante que todos colaboremos con el tratamiento de los residuos.\u00bb&nbsp;<\/em><\/p>\n\n\n\n<p><strong>\u00c1rea social &#8211; Casa de la Cultura.&nbsp;<\/strong>El viernes de la semana pasada se realiz\u00f3 un encuentro con alumnos de todas las escuelas secundarias participando de un programa sobre prevenci\u00f3n en consumo de alcohol. Un trabajo conjunto de Municipalidad de Las Rosas, Red Crecer y &nbsp;Global Community, que se realiza durante todo el a\u00f1o. Es algo importante para toda la comunidad, para prevenir e informar a los j\u00f3venes y actuar sobre esta problem\u00e1tica.&nbsp;<\/p>\n\n\n\n<p><strong>Elecciones y balotaje.&nbsp;<\/strong><em>\u00abYo tengo una postura clara\u00bb<\/em>, dijo el Intendente Meyer.&nbsp;<em>\u00abApoy\u00e9 a Patricia Bullrich en la primaria, en la primera vuelta electoral y la sigo apoyando. Y en este caso ella se suma a Javier Milei, en una coherente, razonable y totalmente acertada decisi\u00f3n, no voy a permanecer neutral. Tenemos que tomar una decisi\u00f3n asi que en esta oportunidad acompa\u00f1ar\u00e9 a Milei. &nbsp;No lo hice antes porque le falta experiencia, si bien las ideas que \u00e9l profesa en gran parte las comparto, pero es un nuevo actor en la pol\u00edtica que hoy tiene un un valor agregado fundamental que es la figura intachable de Bullrich.\u00bb<\/em><\/p>\n\n\n\n<p>Fuente: Las Rosas Digital.<\/p>\n","protected":false},"excerpt":{"rendered":"<p>En su informe semanal se refiri\u00f3 a los trabajos en luminarias, cloacas, tratamiento de residuos, arbolado p\u00fablico. Adem\u00e1s dio sus fundamentos porqu\u00e9 en el balotaje no permanecer\u00e1 neutral y votar\u00e1 a Milei. Luminarias.\u00a0\u00abVenimos muy bien con el trabajo de luminaria led, ya terminamos calle Bs As en su totalidad, solo falta hormigonar las bases. Anoche <a href=\"https:\/\/armstrongyregion.com.ar\/diario\/somos-la-unica-municipalidad-de-la-zona-que-esta-avanzando-en-obra-publica\/\" title=\"Read more\" >&#8230;<\/a><\/p>\n","protected":false},"author":1,"featured_media":37491,"comment_status":"open","ping_status":"open","sticky":false,"template":"","format":"image","meta":{"_jetpack_memberships_contains_paid_content":false,"footnotes":"","jetpack_publicize_message":"","jetpack_publicize_feature_enabled":true,"jetpack_social_post_already_shared":true,"jetpack_social_options":{"image_generator_settings":{"template":"highway","default_image_id":0,"enabled":false},"version":2}},"categories":[8,1,2,7,3],"tags":[9947,19,15,94,9783,31,8777,1103,635,8595,108,1953,2109,105],"class_list":["post-40686","post","type-post","status-publish","format-image","has-post-thumbnail","hentry","category-deliberando","category-diario-armstrong","category-locales","category-politica","category-region","tag-avanzando","tag-de","tag-en","tag-esta","tag-javier-meyer","tag-la","tag-lic-graciela-de-la-casa","tag-municipalidad","tag-obra","tag-publica-2","tag-que","tag-somos","tag-unica","tag-zona","post_format-post-format-image"],"jetpack_publicize_connections":[],"jetpack_featured_media_url":"https:\/\/armstrongyregion.com.ar\/diario\/wp-content\/uploads\/2023\/02\/javier-Meyer-11-2-23-.jpg","jetpack_shortlink":"https:\/\/wp.me\/p62QDO-aAe","jetpack_sharing_enabled":true,"amp_enabled":true,"_links":{"self":[{"href":"https:\/\/armstrongyregion.com.ar\/diario\/wp-json\/wp\/v2\/posts\/40686","targetHints":{"allow":["GET"]}}],"collection":[{"href":"https:\/\/armstrongyregion.com.ar\/diario\/wp-json\/wp\/v2\/posts"}],"about":[{"href":"https:\/\/armstrongyregion.com.ar\/diario\/wp-json\/wp\/v2\/types\/post"}],"author":[{"embeddable":true,"href":"https:\/\/armstrongyregion.com.ar\/diario\/wp-json\/wp\/v2\/users\/1"}],"replies":[{"embeddable":true,"href":"https:\/\/armstrongyregion.com.ar\/diario\/wp-json\/wp\/v2\/comments?post=40686"}],"version-history":[{"count":2,"href":"https:\/\/armstrongyregion.com.ar\/diario\/wp-json\/wp\/v2\/posts\/40686\/revisions"}],"predecessor-version":[{"id":40690,"href":"https:\/\/armstrongyregion.com.ar\/diario\/wp-json\/wp\/v2\/posts\/40686\/revisions\/40690"}],"wp:featuredmedia":[{"embeddable":true,"href":"https:\/\/armstrongyregion.com.ar\/diario\/wp-json\/wp\/v2\/media\/37491"}],"wp:attachment":[{"href":"https:\/\/armstrongyregion.com.ar\/diario\/wp-json\/wp\/v2\/media?parent=40686"}],"wp:term":[{"taxonomy":"category","embeddable":true,"href":"https:\/\/armstrongyregion.com.ar\/diario\/wp-json\/wp\/v2\/categories?post=40686"},{"taxonomy":"post_tag","embeddable":true,"href":"https:\/\/armstrongyregion.com.ar\/diario\/wp-json\/wp\/v2\/tags?post=40686"}],"curies":[{"name":"wp","href":"https:\/\/api.w.org\/{rel}","templated":true}]}}