{"id":40646,"date":"2023-10-26T23:27:41","date_gmt":"2023-10-26T23:27:41","guid":{"rendered":"https:\/\/armstrongyregion.com.ar\/diario\/?p=40646"},"modified":"2023-10-26T23:27:42","modified_gmt":"2023-10-26T23:27:42","slug":"armstrong-segunda-campana-de-eco-canje","status":"publish","type":"post","link":"https:\/\/armstrongyregion.com.ar\/diario\/armstrong-segunda-campana-de-eco-canje\/","title":{"rendered":"Armstrong. Segunda campa\u00f1a de eco canje."},"content":{"rendered":"\n<figure class=\"wp-block-image size-full\"><a href=\"http:\/\/armstrongyregion.com.ar\/diario\/wp-content\/uploads\/2023\/10\/eco-canje-2da-.jpg\"><img loading=\"lazy\" decoding=\"async\" width=\"400\" height=\"233\" src=\"http:\/\/armstrongyregion.com.ar\/diario\/wp-content\/uploads\/2023\/10\/eco-canje-2da-.jpg\" alt=\"\" class=\"wp-image-40647\" srcset=\"https:\/\/armstrongyregion.com.ar\/diario\/wp-content\/uploads\/2023\/10\/eco-canje-2da-.jpg 400w, https:\/\/armstrongyregion.com.ar\/diario\/wp-content\/uploads\/2023\/10\/eco-canje-2da--300x175.jpg 300w\" sizes=\"auto, (max-width: 400px) 100vw, 400px\" \/><\/a><\/figure>\n\n\n\n<p>La Municipalidad de Armstrong tiene el agrado de anunciar la segunda campa\u00f1a de eco canje que<br>llega desde una iniciativa activa de la empresa local Fayfer, sum\u00e1ndose al Programa \u201cYo me<br>Comprometo\u201d que tiene varias aristas, una de ellas es la relaci\u00f3n p\u00fablico-privado.<\/p>\n\n\n\n<figure class=\"wp-block-image size-full\"><a href=\"http:\/\/armstrongyregion.com.ar\/diario\/wp-content\/uploads\/2023\/10\/eco-canje-2da-2-.jpg\"><img loading=\"lazy\" decoding=\"async\" width=\"238\" height=\"400\" src=\"http:\/\/armstrongyregion.com.ar\/diario\/wp-content\/uploads\/2023\/10\/eco-canje-2da-2-.jpg\" alt=\"\" class=\"wp-image-40648\" srcset=\"https:\/\/armstrongyregion.com.ar\/diario\/wp-content\/uploads\/2023\/10\/eco-canje-2da-2-.jpg 238w, https:\/\/armstrongyregion.com.ar\/diario\/wp-content\/uploads\/2023\/10\/eco-canje-2da-2--179x300.jpg 179w\" sizes=\"auto, (max-width: 238px) 100vw, 238px\" \/><\/a><\/figure>\n\n\n\n<p><br>Su titular, el Sr. Fernando Faroni, propone esta jornada de canje que se realizar\u00e1 el d\u00eda s\u00e1bado 28<br>de octubre, de 9 a 14 hs. en su local ubicado en calle Bell Ville 949.<br>Se recibir\u00e1 pl\u00e1stico, cart\u00f3n y papel, vidrio, pilas, residuos tecnol\u00f3gicos, hojas impresas de un lado,<br>yerba y caf\u00e9 usado, y a cambio se llevar\u00e1n compost, semillas y plantines de ruda.<br>En esta oportunidad invit\u00f3 especialmente a emprendedores que trabajan con productos<br>reciclables: velas arom\u00e1ticas de soja By Nina, accesorios de Jean Tenay, y EcoMundo madera<br>pl\u00e1stica.<br>Ellos demostrar\u00e1n qu\u00e9 cosas se pueden hacer reciclando, cu\u00e1l es la utilidad de reciclar.<br>Fayfer desea dejar un mensaje en cada jornada de eco canje. En la primera fue la importancia de<br>reciclar en cuanto al cuidado de los \u00e1rboles y de los recursos naturales. En esta, se enfocar\u00e1 en qu\u00e9<br>uso se le puede dar a los residuos domiciliarios, donde el 50 % se puede compostar, el 40 % se<br>puede reciclar, y s\u00f3lo el 10 % es desechable.<br>Entre los participantes se sortear\u00e1 1 macetero de EcoMundo, 1 mochila de jean de Tenay, y 1 vela<br>de soja de Nina.<\/p>\n","protected":false},"excerpt":{"rendered":"<p>La Municipalidad de Armstrong tiene el agrado de anunciar la segunda campa\u00f1a de eco canje quellega desde una iniciativa activa de la empresa local Fayfer, sum\u00e1ndose al Programa \u201cYo meComprometo\u201d que tiene varias aristas, una de ellas es la relaci\u00f3n p\u00fablico-privado. Su titular, el Sr. Fernando Faroni, propone esta jornada de canje que se realizar\u00e1 <a href=\"https:\/\/armstrongyregion.com.ar\/diario\/armstrong-segunda-campana-de-eco-canje\/\" title=\"Read more\" >&#8230;<\/a><\/p>\n","protected":false},"author":1,"featured_media":40647,"comment_status":"open","ping_status":"open","sticky":false,"template":"","format":"image","meta":{"_jetpack_memberships_contains_paid_content":false,"footnotes":"","jetpack_publicize_message":"","jetpack_publicize_feature_enabled":true,"jetpack_social_post_already_shared":true,"jetpack_social_options":{"image_generator_settings":{"template":"highway","default_image_id":0,"enabled":false},"version":2}},"categories":[8,1,2,7,3],"tags":[20,9938,9939,8777],"class_list":["post-40646","post","type-post","status-publish","format-image","has-post-thumbnail","hentry","category-deliberando","category-diario-armstrong","category-locales","category-politica","category-region","tag-armstrong","tag-camapana","tag-ecocanje","tag-lic-graciela-de-la-casa","post_format-post-format-image"],"jetpack_publicize_connections":[],"jetpack_featured_media_url":"https:\/\/armstrongyregion.com.ar\/diario\/wp-content\/uploads\/2023\/10\/eco-canje-2da-.jpg","jetpack_shortlink":"https:\/\/wp.me\/p62QDO-azA","jetpack_sharing_enabled":true,"amp_enabled":true,"_links":{"self":[{"href":"https:\/\/armstrongyregion.com.ar\/diario\/wp-json\/wp\/v2\/posts\/40646","targetHints":{"allow":["GET"]}}],"collection":[{"href":"https:\/\/armstrongyregion.com.ar\/diario\/wp-json\/wp\/v2\/posts"}],"about":[{"href":"https:\/\/armstrongyregion.com.ar\/diario\/wp-json\/wp\/v2\/types\/post"}],"author":[{"embeddable":true,"href":"https:\/\/armstrongyregion.com.ar\/diario\/wp-json\/wp\/v2\/users\/1"}],"replies":[{"embeddable":true,"href":"https:\/\/armstrongyregion.com.ar\/diario\/wp-json\/wp\/v2\/comments?post=40646"}],"version-history":[{"count":1,"href":"https:\/\/armstrongyregion.com.ar\/diario\/wp-json\/wp\/v2\/posts\/40646\/revisions"}],"predecessor-version":[{"id":40649,"href":"https:\/\/armstrongyregion.com.ar\/diario\/wp-json\/wp\/v2\/posts\/40646\/revisions\/40649"}],"wp:featuredmedia":[{"embeddable":true,"href":"https:\/\/armstrongyregion.com.ar\/diario\/wp-json\/wp\/v2\/media\/40647"}],"wp:attachment":[{"href":"https:\/\/armstrongyregion.com.ar\/diario\/wp-json\/wp\/v2\/media?parent=40646"}],"wp:term":[{"taxonomy":"category","embeddable":true,"href":"https:\/\/armstrongyregion.com.ar\/diario\/wp-json\/wp\/v2\/categories?post=40646"},{"taxonomy":"post_tag","embeddable":true,"href":"https:\/\/armstrongyregion.com.ar\/diario\/wp-json\/wp\/v2\/tags?post=40646"}],"curies":[{"name":"wp","href":"https:\/\/api.w.org\/{rel}","templated":true}]}}