{"id":40636,"date":"2023-10-25T17:56:04","date_gmt":"2023-10-25T17:56:04","guid":{"rendered":"https:\/\/armstrongyregion.com.ar\/diario\/?p=40636"},"modified":"2023-10-25T17:56:06","modified_gmt":"2023-10-25T17:56:06","slug":"el-concejal-gramigna-opino-sobre-las-elecciones-del-pasado-22-de-octubre","status":"publish","type":"post","link":"https:\/\/armstrongyregion.com.ar\/diario\/el-concejal-gramigna-opino-sobre-las-elecciones-del-pasado-22-de-octubre\/","title":{"rendered":"El concejal Gramigna opin\u00f3 sobre las elecciones del pasado 22 de octubre."},"content":{"rendered":"\n<figure class=\"wp-block-image size-full\"><a href=\"http:\/\/armstrongyregion.com.ar\/diario\/wp-content\/uploads\/2022\/09\/Emiliano-Gramigna-7-9-22-.jpg\"><img loading=\"lazy\" decoding=\"async\" width=\"758\" height=\"563\" src=\"http:\/\/armstrongyregion.com.ar\/diario\/wp-content\/uploads\/2022\/09\/Emiliano-Gramigna-7-9-22-.jpg\" alt=\"\" class=\"wp-image-35725\" srcset=\"https:\/\/armstrongyregion.com.ar\/diario\/wp-content\/uploads\/2022\/09\/Emiliano-Gramigna-7-9-22-.jpg 758w, https:\/\/armstrongyregion.com.ar\/diario\/wp-content\/uploads\/2022\/09\/Emiliano-Gramigna-7-9-22--300x223.jpg 300w\" sizes=\"auto, (max-width: 758px) 100vw, 758px\" \/><\/a><\/figure>\n\n\n\n<p>\u201cComo lo dije en las PASO, hubo un candidato que supo hacer y decir lo que la sociedad quer\u00eda y acompa\u00f1\u00f3 a Javier Milei. En las elecciones del pasado domingo, vimos evidentemente de que Uni\u00f3n por la Patria supo interpretar y hacer una lectura de lo que la gente necesitaba y en este caso el elegido fue Sergio Massa\u201d. Expres\u00f3 el edil.<\/p>\n\n\n\n<p>Luego a\u00f1adi\u00f3: \u201cCreemos y estamos convencidos de que la soluci\u00f3n siempre va a estar por el centro, los extremos siempre son los que generan odio, rencor, exterminio, hablar con violencia, creemos que la Argentina sale con el di\u00e1logo, entendiendo que cuando se trabaja a futuro se tiene que hacer a conciencia. Y se tiene que pensar en el ciudadano que la esta pasando mal, el que la esta pasando un poquito mejor y el que la esta pasando bien, porque la pol\u00edtica tiene que ser integradora y velar para que todos puedan crecer\u201d. Finaliz\u00f3 Gramigna.<\/p>\n","protected":false},"excerpt":{"rendered":"<p>\u201cComo lo dije en las PASO, hubo un candidato que supo hacer y decir lo que la sociedad quer\u00eda y acompa\u00f1\u00f3 a Javier Milei. En las elecciones del pasado domingo, vimos evidentemente de que Uni\u00f3n por la Patria supo interpretar y hacer una lectura de lo que la gente necesitaba y en este caso el <a href=\"https:\/\/armstrongyregion.com.ar\/diario\/el-concejal-gramigna-opino-sobre-las-elecciones-del-pasado-22-de-octubre\/\" title=\"Read more\" >&#8230;<\/a><\/p>\n","protected":false},"author":1,"featured_media":35725,"comment_status":"open","ping_status":"open","sticky":false,"template":"","format":"image","meta":{"_jetpack_memberships_contains_paid_content":false,"footnotes":"","jetpack_publicize_message":"","jetpack_publicize_feature_enabled":true,"jetpack_social_post_already_shared":true,"jetpack_social_options":{"image_generator_settings":{"template":"highway","default_image_id":0,"enabled":false},"version":2}},"categories":[8,1,2,7,3],"tags":[9933,5049,9934,53,16,8495,8777,2205,9067,118],"class_list":["post-40636","post","type-post","status-publish","format-image","has-post-thumbnail","hentry","category-deliberando","category-diario-armstrong","category-locales","category-politica","category-region","tag-22-de-octubre","tag-concejal-gramigna","tag-concejo-deliberante","tag-del","tag-el","tag-elecciones-2","tag-lic-graciela-de-la-casa","tag-opino","tag-pasado","tag-sobre","post_format-post-format-image"],"jetpack_publicize_connections":[],"jetpack_featured_media_url":"https:\/\/armstrongyregion.com.ar\/diario\/wp-content\/uploads\/2022\/09\/Emiliano-Gramigna-7-9-22-.jpg","jetpack_shortlink":"https:\/\/wp.me\/p62QDO-azq","jetpack_sharing_enabled":true,"amp_enabled":true,"_links":{"self":[{"href":"https:\/\/armstrongyregion.com.ar\/diario\/wp-json\/wp\/v2\/posts\/40636","targetHints":{"allow":["GET"]}}],"collection":[{"href":"https:\/\/armstrongyregion.com.ar\/diario\/wp-json\/wp\/v2\/posts"}],"about":[{"href":"https:\/\/armstrongyregion.com.ar\/diario\/wp-json\/wp\/v2\/types\/post"}],"author":[{"embeddable":true,"href":"https:\/\/armstrongyregion.com.ar\/diario\/wp-json\/wp\/v2\/users\/1"}],"replies":[{"embeddable":true,"href":"https:\/\/armstrongyregion.com.ar\/diario\/wp-json\/wp\/v2\/comments?post=40636"}],"version-history":[{"count":1,"href":"https:\/\/armstrongyregion.com.ar\/diario\/wp-json\/wp\/v2\/posts\/40636\/revisions"}],"predecessor-version":[{"id":40637,"href":"https:\/\/armstrongyregion.com.ar\/diario\/wp-json\/wp\/v2\/posts\/40636\/revisions\/40637"}],"wp:featuredmedia":[{"embeddable":true,"href":"https:\/\/armstrongyregion.com.ar\/diario\/wp-json\/wp\/v2\/media\/35725"}],"wp:attachment":[{"href":"https:\/\/armstrongyregion.com.ar\/diario\/wp-json\/wp\/v2\/media?parent=40636"}],"wp:term":[{"taxonomy":"category","embeddable":true,"href":"https:\/\/armstrongyregion.com.ar\/diario\/wp-json\/wp\/v2\/categories?post=40636"},{"taxonomy":"post_tag","embeddable":true,"href":"https:\/\/armstrongyregion.com.ar\/diario\/wp-json\/wp\/v2\/tags?post=40636"}],"curies":[{"name":"wp","href":"https:\/\/api.w.org\/{rel}","templated":true}]}}