{"id":40634,"date":"2023-10-25T17:17:14","date_gmt":"2023-10-25T17:17:14","guid":{"rendered":"https:\/\/armstrongyregion.com.ar\/diario\/?p=40634"},"modified":"2023-10-25T17:17:17","modified_gmt":"2023-10-25T17:17:17","slug":"el-concejal-pertusati-dio-su-opinion-sobre-el-resultado-de-las-elecciones-nacionales-el-pasado-domingo","status":"publish","type":"post","link":"https:\/\/armstrongyregion.com.ar\/diario\/el-concejal-pertusati-dio-su-opinion-sobre-el-resultado-de-las-elecciones-nacionales-el-pasado-domingo\/","title":{"rendered":"El concejal Pertusati dio su opini\u00f3n sobre el resultado de las elecciones nacionales el pasado domingo."},"content":{"rendered":"\n<figure class=\"wp-block-image size-full\"><a href=\"http:\/\/armstrongyregion.com.ar\/diario\/wp-content\/uploads\/2023\/08\/ALE-PERTU.jpg\"><img loading=\"lazy\" decoding=\"async\" width=\"400\" height=\"295\" src=\"http:\/\/armstrongyregion.com.ar\/diario\/wp-content\/uploads\/2023\/08\/ALE-PERTU.jpg\" alt=\"\" class=\"wp-image-39647\" srcset=\"https:\/\/armstrongyregion.com.ar\/diario\/wp-content\/uploads\/2023\/08\/ALE-PERTU.jpg 400w, https:\/\/armstrongyregion.com.ar\/diario\/wp-content\/uploads\/2023\/08\/ALE-PERTU-300x221.jpg 300w\" sizes=\"auto, (max-width: 400px) 100vw, 400px\" \/><\/a><\/figure>\n\n\n\n<p>\u201cLa verdad es que desde la agrupaci\u00f3n a la cual represento que es Juntos por el Cambio, cre\u00edamos que \u00edbamos a estar dentro del balotaje. Pero destaco que en la ciudad nuevamente un 85% de la poblaci\u00f3n opto por una opci\u00f3n opositora al gobierno nacional\u201d. Expres\u00f3 el edil.<\/p>\n\n\n\n<p>Luego a\u00f1adi\u00f3: \u201cParece que a nivel nacional se ha votado por la reivindicaci\u00f3n del gobierno de Alberto Fern\u00e1ndez, se ha votado por la reivindicaci\u00f3n de la corrupci\u00f3n, de las fiestas en la cuarentena, de las fiestas en los yates, del vacunatorio vip, de los hoteles de Cristina Fern\u00e1ndez, de los bolsos de L\u00f3pez. Etc, etc. Es una elecci\u00f3n que se termina definiendo por los grandes conurbanos. Dentro de lo partidario, no estamos en condici\u00f3n de inclinarnos por ning\u00fan espacio\u201d.<\/p>\n\n\n\n<p>\u201cLas opciones no coinciden en nada con nuestro programa de gobierno, con nuestro proyecto de pa\u00eds, en las elecciones provinciales se cont\u00f3 con el apoyo de muchos gobernadores, legisladores e intendentes; y sin embargo no fue asi en las elecciones del 22 de octubre. Entiendo que se deben haber cometido errores, los cuales se discutir\u00e1n puertas adentro como siempre. Esto nos tiene que dejar ense\u00f1anzas y a partir del 10 de diciembre seguiremos siendo oposici\u00f3n al gobierno que quede\u201d. Finaliz\u00f3 el concejal.<\/p>\n","protected":false},"excerpt":{"rendered":"<p>\u201cLa verdad es que desde la agrupaci\u00f3n a la cual represento que es Juntos por el Cambio, cre\u00edamos que \u00edbamos a estar dentro del balotaje. Pero destaco que en la ciudad nuevamente un 85% de la poblaci\u00f3n opto por una opci\u00f3n opositora al gobierno nacional\u201d. Expres\u00f3 el edil. Luego a\u00f1adi\u00f3: \u201cParece que a nivel nacional <a href=\"https:\/\/armstrongyregion.com.ar\/diario\/el-concejal-pertusati-dio-su-opinion-sobre-el-resultado-de-las-elecciones-nacionales-el-pasado-domingo\/\" title=\"Read more\" >&#8230;<\/a><\/p>\n","protected":false},"author":1,"featured_media":39647,"comment_status":"open","ping_status":"open","sticky":false,"template":"","format":"image","meta":{"_jetpack_memberships_contains_paid_content":false,"footnotes":"","jetpack_publicize_message":"","jetpack_publicize_feature_enabled":true,"jetpack_social_post_already_shared":true,"jetpack_social_options":{"image_generator_settings":{"template":"highway","default_image_id":0,"enabled":false},"version":2}},"categories":[8,1,2,7,3],"tags":[673,1119,8777,9931,6961,9932,118,35],"class_list":["post-40634","post","type-post","status-publish","format-image","has-post-thumbnail","hentry","category-deliberando","category-diario-armstrong","category-locales","category-politica","category-region","tag-concejal","tag-dio","tag-lic-graciela-de-la-casa","tag-opinion","tag-pertusati","tag-resultado-elecciones","tag-sobre","tag-su","post_format-post-format-image"],"jetpack_publicize_connections":[],"jetpack_featured_media_url":"https:\/\/armstrongyregion.com.ar\/diario\/wp-content\/uploads\/2023\/08\/ALE-PERTU.jpg","jetpack_shortlink":"https:\/\/wp.me\/p62QDO-azo","jetpack_sharing_enabled":true,"amp_enabled":true,"_links":{"self":[{"href":"https:\/\/armstrongyregion.com.ar\/diario\/wp-json\/wp\/v2\/posts\/40634","targetHints":{"allow":["GET"]}}],"collection":[{"href":"https:\/\/armstrongyregion.com.ar\/diario\/wp-json\/wp\/v2\/posts"}],"about":[{"href":"https:\/\/armstrongyregion.com.ar\/diario\/wp-json\/wp\/v2\/types\/post"}],"author":[{"embeddable":true,"href":"https:\/\/armstrongyregion.com.ar\/diario\/wp-json\/wp\/v2\/users\/1"}],"replies":[{"embeddable":true,"href":"https:\/\/armstrongyregion.com.ar\/diario\/wp-json\/wp\/v2\/comments?post=40634"}],"version-history":[{"count":1,"href":"https:\/\/armstrongyregion.com.ar\/diario\/wp-json\/wp\/v2\/posts\/40634\/revisions"}],"predecessor-version":[{"id":40635,"href":"https:\/\/armstrongyregion.com.ar\/diario\/wp-json\/wp\/v2\/posts\/40634\/revisions\/40635"}],"wp:featuredmedia":[{"embeddable":true,"href":"https:\/\/armstrongyregion.com.ar\/diario\/wp-json\/wp\/v2\/media\/39647"}],"wp:attachment":[{"href":"https:\/\/armstrongyregion.com.ar\/diario\/wp-json\/wp\/v2\/media?parent=40634"}],"wp:term":[{"taxonomy":"category","embeddable":true,"href":"https:\/\/armstrongyregion.com.ar\/diario\/wp-json\/wp\/v2\/categories?post=40634"},{"taxonomy":"post_tag","embeddable":true,"href":"https:\/\/armstrongyregion.com.ar\/diario\/wp-json\/wp\/v2\/tags?post=40634"}],"curies":[{"name":"wp","href":"https:\/\/api.w.org\/{rel}","templated":true}]}}