{"id":40630,"date":"2023-10-24T21:20:06","date_gmt":"2023-10-24T21:20:06","guid":{"rendered":"https:\/\/armstrongyregion.com.ar\/diario\/?p=40630"},"modified":"2023-10-24T21:20:09","modified_gmt":"2023-10-24T21:20:09","slug":"municipio-presento-aplicacion-emergencias-cdg","status":"publish","type":"post","link":"https:\/\/armstrongyregion.com.ar\/diario\/municipio-presento-aplicacion-emergencias-cdg\/","title":{"rendered":"Municipio present\u00f3 aplicaci\u00f3n \u00abEmergencias CDG\u00bb"},"content":{"rendered":"\n<figure class=\"wp-block-image size-full\"><a href=\"http:\/\/armstrongyregion.com.ar\/diario\/wp-content\/uploads\/2023\/10\/Emergencias-CDG.jpg\"><img loading=\"lazy\" decoding=\"async\" width=\"504\" height=\"284\" src=\"http:\/\/armstrongyregion.com.ar\/diario\/wp-content\/uploads\/2023\/10\/Emergencias-CDG.jpg\" alt=\"\" class=\"wp-image-40631\" srcset=\"https:\/\/armstrongyregion.com.ar\/diario\/wp-content\/uploads\/2023\/10\/Emergencias-CDG.jpg 504w, https:\/\/armstrongyregion.com.ar\/diario\/wp-content\/uploads\/2023\/10\/Emergencias-CDG-300x169.jpg 300w\" sizes=\"auto, (max-width: 504px) 100vw, 504px\" \/><\/a><\/figure>\n\n\n\n<p>La intendenta Stella Cl\u00e9rici particip\u00f3 de la presentaci\u00f3n de la nueva app \u201cEmergencias CDG\u201d, una idea que surgi\u00f3 de j\u00f3venes en la jornada \u201cCa\u00f1ada Hacia el 2030\u201d, y se hizo realidad a partir del acompa\u00f1amiento y financiamiento por parte de la gesti\u00f3n municipal.<\/p>\n\n\n\n<p>La aplicaci\u00f3n permite llamar a n\u00fameros de emergencias, como polic\u00eda, emergencias m\u00e9dicas, bomberos, violencia de g\u00e9nero o guardia urbana sin recordar un n\u00famero determinado.&nbsp;La app est\u00e1 disponible en Play Store y puede descargarse desde el siguiente link:&nbsp;<a href=\"https:\/\/play.google.com\/store\/apps\/details?id=simplicity.ar.emergenciasmcg\" target=\"_blank\" rel=\"noreferrer noopener\">https:\/\/play.google.com\/store\/apps\/details?id=simplicity.ar.emergenciasmcg<\/a>.&nbsp;<\/p>\n","protected":false},"excerpt":{"rendered":"<p>La intendenta Stella Cl\u00e9rici particip\u00f3 de la presentaci\u00f3n de la nueva app \u201cEmergencias CDG\u201d, una idea que surgi\u00f3 de j\u00f3venes en la jornada \u201cCa\u00f1ada Hacia el 2030\u201d, y se hizo realidad a partir del acompa\u00f1amiento y financiamiento por parte de la gesti\u00f3n municipal. La aplicaci\u00f3n permite llamar a n\u00fameros de emergencias, como polic\u00eda, emergencias m\u00e9dicas, <a href=\"https:\/\/armstrongyregion.com.ar\/diario\/municipio-presento-aplicacion-emergencias-cdg\/\" title=\"Read more\" >&#8230;<\/a><\/p>\n","protected":false},"author":1,"featured_media":40631,"comment_status":"open","ping_status":"open","sticky":false,"template":"","format":"image","meta":{"_jetpack_memberships_contains_paid_content":false,"footnotes":"","jetpack_publicize_message":"","jetpack_publicize_feature_enabled":true,"jetpack_social_post_already_shared":true,"jetpack_social_options":{"image_generator_settings":{"template":"highway","default_image_id":0,"enabled":false},"version":2}},"categories":[8,1,2,7,3],"tags":[9929,5016,9930,8777,217,25],"class_list":["post-40630","post","type-post","status-publish","format-image","has-post-thumbnail","hentry","category-deliberando","category-diario-armstrong","category-locales","category-politica","category-region","tag-aplicacion","tag-armstrong-y-region","tag-emergencias-cdg","tag-lic-graciela-de-la-casa","tag-municipio","tag-presento","post_format-post-format-image"],"jetpack_publicize_connections":[],"jetpack_featured_media_url":"https:\/\/armstrongyregion.com.ar\/diario\/wp-content\/uploads\/2023\/10\/Emergencias-CDG.jpg","jetpack_shortlink":"https:\/\/wp.me\/p62QDO-azk","jetpack_sharing_enabled":true,"amp_enabled":true,"_links":{"self":[{"href":"https:\/\/armstrongyregion.com.ar\/diario\/wp-json\/wp\/v2\/posts\/40630","targetHints":{"allow":["GET"]}}],"collection":[{"href":"https:\/\/armstrongyregion.com.ar\/diario\/wp-json\/wp\/v2\/posts"}],"about":[{"href":"https:\/\/armstrongyregion.com.ar\/diario\/wp-json\/wp\/v2\/types\/post"}],"author":[{"embeddable":true,"href":"https:\/\/armstrongyregion.com.ar\/diario\/wp-json\/wp\/v2\/users\/1"}],"replies":[{"embeddable":true,"href":"https:\/\/armstrongyregion.com.ar\/diario\/wp-json\/wp\/v2\/comments?post=40630"}],"version-history":[{"count":1,"href":"https:\/\/armstrongyregion.com.ar\/diario\/wp-json\/wp\/v2\/posts\/40630\/revisions"}],"predecessor-version":[{"id":40632,"href":"https:\/\/armstrongyregion.com.ar\/diario\/wp-json\/wp\/v2\/posts\/40630\/revisions\/40632"}],"wp:featuredmedia":[{"embeddable":true,"href":"https:\/\/armstrongyregion.com.ar\/diario\/wp-json\/wp\/v2\/media\/40631"}],"wp:attachment":[{"href":"https:\/\/armstrongyregion.com.ar\/diario\/wp-json\/wp\/v2\/media?parent=40630"}],"wp:term":[{"taxonomy":"category","embeddable":true,"href":"https:\/\/armstrongyregion.com.ar\/diario\/wp-json\/wp\/v2\/categories?post=40630"},{"taxonomy":"post_tag","embeddable":true,"href":"https:\/\/armstrongyregion.com.ar\/diario\/wp-json\/wp\/v2\/tags?post=40630"}],"curies":[{"name":"wp","href":"https:\/\/api.w.org\/{rel}","templated":true}]}}