{"id":40604,"date":"2023-10-22T15:53:10","date_gmt":"2023-10-22T15:53:10","guid":{"rendered":"https:\/\/armstrongyregion.com.ar\/diario\/?p=40604"},"modified":"2023-10-22T15:56:13","modified_gmt":"2023-10-22T15:56:13","slug":"meyer-invertimos-mas-de-25-equipos-para-trabajar-en-calles-de-mejorado","status":"publish","type":"post","link":"https:\/\/armstrongyregion.com.ar\/diario\/meyer-invertimos-mas-de-25-equipos-para-trabajar-en-calles-de-mejorado\/","title":{"rendered":"Meyer: \u00abInvertimos m\u00e1s de 25 equipos para trabajar en calles de mejorado\u00bb."},"content":{"rendered":"\n<figure class=\"wp-block-image size-full\"><a href=\"http:\/\/armstrongyregion.com.ar\/diario\/wp-content\/uploads\/2023\/10\/Javier-Meyer-3-10-23-.jpg\"><img loading=\"lazy\" decoding=\"async\" width=\"337\" height=\"282\" src=\"http:\/\/armstrongyregion.com.ar\/diario\/wp-content\/uploads\/2023\/10\/Javier-Meyer-3-10-23-.jpg\" alt=\"\" class=\"wp-image-40415\" srcset=\"https:\/\/armstrongyregion.com.ar\/diario\/wp-content\/uploads\/2023\/10\/Javier-Meyer-3-10-23-.jpg 337w, https:\/\/armstrongyregion.com.ar\/diario\/wp-content\/uploads\/2023\/10\/Javier-Meyer-3-10-23--300x251.jpg 300w\" sizes=\"auto, (max-width: 337px) 100vw, 337px\" \/><\/a><\/figure>\n\n\n\n<h2 class=\"wp-block-heading\">As\u00ed lo expreso el Intendente de Las Rosas Javier Meyer, se trabaja fuertemente en esa materia para reacondicionar calles de ripiado.<\/h2>\n\n\n\n<p><\/p>\n\n\n\n<figure class=\"wp-block-audio\"><audio controls src=\"http:\/\/armstrongyregion.com.ar\/diario\/wp-content\/uploads\/2023\/10\/multimedia.audio_.a5bf16ff94d108f5.YXVkaW8gbW9uby5tcDM.mp3\"><\/audio><figcaption class=\"wp-element-caption\">Nota Javier Meyer.<\/figcaption><\/figure>\n\n\n\n<p><\/p>\n\n\n\n<p>\u00abVenimos avanzando en un plan de trabajo muy organizado, restructurando diferentes areas y optimizando recursos, se esta trabajando en la red cloacal, bacheo, espec\u00edficamente en calle Santa Fe y Constituci\u00f3n, refuncionalizando ese sector con otro sistema de drenaje.<\/p>\n\n\n\n<p>La luminaria viene avanzando r\u00e1pidamente por calle Bs. As. realmente una transformaci\u00f3n extraordinaria para esta arteria punta a punta, y la pr\u00f3xima cuadra que se va a enviar el proyecto al Concejo va a ser calle San Lorenzo desde Lamadrid hasta ruta 178&#8243;, informo Meyer.\u00a0<\/p>\n\n\n\n<p>Fuente: Renacer Regional.<\/p>\n","protected":false},"excerpt":{"rendered":"<p>As\u00ed lo expreso el Intendente de Las Rosas Javier Meyer, se trabaja fuertemente en esa materia para reacondicionar calles de ripiado. \u00abVenimos avanzando en un plan de trabajo muy organizado, restructurando diferentes areas y optimizando recursos, se esta trabajando en la red cloacal, bacheo, espec\u00edficamente en calle Santa Fe y Constituci\u00f3n, refuncionalizando ese sector con <a href=\"https:\/\/armstrongyregion.com.ar\/diario\/meyer-invertimos-mas-de-25-equipos-para-trabajar-en-calles-de-mejorado\/\" title=\"Read more\" >&#8230;<\/a><\/p>\n","protected":false},"author":1,"featured_media":40415,"comment_status":"open","ping_status":"open","sticky":false,"template":"","format":"image","meta":{"_jetpack_memberships_contains_paid_content":false,"footnotes":"","jetpack_publicize_message":"","jetpack_publicize_feature_enabled":true,"jetpack_social_post_already_shared":true,"jetpack_social_options":{"image_generator_settings":{"template":"highway","default_image_id":0,"enabled":false},"version":2}},"categories":[1],"tags":[1727,19,8798,9917,1934,81,3086],"class_list":["post-40604","post","type-post","status-publish","format-image","has-post-thumbnail","hentry","category-diario-armstrong","tag-1727","tag-de","tag-equipos","tag-invertimos","tag-meyer","tag-para","tag-trabajar","post_format-post-format-image"],"jetpack_publicize_connections":[],"jetpack_featured_media_url":"https:\/\/armstrongyregion.com.ar\/diario\/wp-content\/uploads\/2023\/10\/Javier-Meyer-3-10-23-.jpg","jetpack_shortlink":"https:\/\/wp.me\/p62QDO-ayU","jetpack_sharing_enabled":true,"amp_enabled":true,"_links":{"self":[{"href":"https:\/\/armstrongyregion.com.ar\/diario\/wp-json\/wp\/v2\/posts\/40604","targetHints":{"allow":["GET"]}}],"collection":[{"href":"https:\/\/armstrongyregion.com.ar\/diario\/wp-json\/wp\/v2\/posts"}],"about":[{"href":"https:\/\/armstrongyregion.com.ar\/diario\/wp-json\/wp\/v2\/types\/post"}],"author":[{"embeddable":true,"href":"https:\/\/armstrongyregion.com.ar\/diario\/wp-json\/wp\/v2\/users\/1"}],"replies":[{"embeddable":true,"href":"https:\/\/armstrongyregion.com.ar\/diario\/wp-json\/wp\/v2\/comments?post=40604"}],"version-history":[{"count":2,"href":"https:\/\/armstrongyregion.com.ar\/diario\/wp-json\/wp\/v2\/posts\/40604\/revisions"}],"predecessor-version":[{"id":40608,"href":"https:\/\/armstrongyregion.com.ar\/diario\/wp-json\/wp\/v2\/posts\/40604\/revisions\/40608"}],"wp:featuredmedia":[{"embeddable":true,"href":"https:\/\/armstrongyregion.com.ar\/diario\/wp-json\/wp\/v2\/media\/40415"}],"wp:attachment":[{"href":"https:\/\/armstrongyregion.com.ar\/diario\/wp-json\/wp\/v2\/media?parent=40604"}],"wp:term":[{"taxonomy":"category","embeddable":true,"href":"https:\/\/armstrongyregion.com.ar\/diario\/wp-json\/wp\/v2\/categories?post=40604"},{"taxonomy":"post_tag","embeddable":true,"href":"https:\/\/armstrongyregion.com.ar\/diario\/wp-json\/wp\/v2\/tags?post=40604"}],"curies":[{"name":"wp","href":"https:\/\/api.w.org\/{rel}","templated":true}]}}