{"id":40590,"date":"2023-10-21T23:04:36","date_gmt":"2023-10-21T23:04:36","guid":{"rendered":"https:\/\/armstrongyregion.com.ar\/diario\/?p=40590"},"modified":"2023-10-21T23:04:39","modified_gmt":"2023-10-21T23:04:39","slug":"armstrong-apertura-de-sobres-licitacion-n-11-2023","status":"publish","type":"post","link":"https:\/\/armstrongyregion.com.ar\/diario\/armstrong-apertura-de-sobres-licitacion-n-11-2023\/","title":{"rendered":"Armstrong. Apertura de sobres Licitaci\u00f3n N\u00b0 11\/2023."},"content":{"rendered":"\n<figure class=\"wp-block-image size-full\"><a href=\"http:\/\/armstrongyregion.com.ar\/diario\/wp-content\/uploads\/2023\/10\/dani-perez-b.jpg\"><img loading=\"lazy\" decoding=\"async\" width=\"400\" height=\"300\" src=\"http:\/\/armstrongyregion.com.ar\/diario\/wp-content\/uploads\/2023\/10\/dani-perez-b.jpg\" alt=\"\" class=\"wp-image-40591\" srcset=\"https:\/\/armstrongyregion.com.ar\/diario\/wp-content\/uploads\/2023\/10\/dani-perez-b.jpg 400w, https:\/\/armstrongyregion.com.ar\/diario\/wp-content\/uploads\/2023\/10\/dani-perez-b-300x225.jpg 300w\" sizes=\"auto, (max-width: 400px) 100vw, 400px\" \/><\/a><\/figure>\n\n\n\n<p>El 19 de octubre en el sal\u00f3n San Mart\u00edn de la Municipalidad de Armstrong se procedi\u00f3 a la<br>apertura de sobres correspondiente al llamado a licitaci\u00f3n N\u00b0 11\/2023 para la provisi\u00f3n de mano<br>de obra, materiales y equipos para pavimento.<\/p>\n\n\n\n<figure class=\"wp-block-image size-full\"><a href=\"http:\/\/armstrongyregion.com.ar\/diario\/wp-content\/uploads\/2023\/10\/Dani-Perez-a-.jpg\"><img loading=\"lazy\" decoding=\"async\" width=\"400\" height=\"300\" src=\"http:\/\/armstrongyregion.com.ar\/diario\/wp-content\/uploads\/2023\/10\/Dani-Perez-a-.jpg\" alt=\"\" class=\"wp-image-40592\" srcset=\"https:\/\/armstrongyregion.com.ar\/diario\/wp-content\/uploads\/2023\/10\/Dani-Perez-a-.jpg 400w, https:\/\/armstrongyregion.com.ar\/diario\/wp-content\/uploads\/2023\/10\/Dani-Perez-a--300x225.jpg 300w\" sizes=\"auto, (max-width: 400px) 100vw, 400px\" \/><\/a><\/figure>\n\n\n\n<p><br>Participaron del acto los Secretarios de Gobierno Daniela P\u00e9rez, de Hacienda y Finanzas CPN<br>Franco Sterrantino, y de Obras P\u00fabicas Ing. Natalia Mart\u00ednez, la Dra. Natalia C\u00f3rdoba en<br>representaci\u00f3n del Departamento Legales y los Sres. Pablo Bonamico y Paul Pietra en calidad de<br>oyentes.<br>En la oportunidad se recepcionaron 2 ofertas de las siguientes firmas: RABER S.R.L., con domicilio<br>en Armstrong, quien cotiza $ 59.328.045,88 iva incluido; MEROCHENICH S.R.L., tambi\u00e9n de la<br>ciudad de Armstrong, cotiza $ 64.209.306,46 iva incluido.<br>Previa lectura y ratificaci\u00f3n se firm\u00f3 el acta correspondiente. De acuerdo a uno de los puntos<br>previstos en el Pliego de bases y condiciones, las autoridades se reservan el derecho de aceptar o<br>rechazar en forma total y\/o parcial las propuestas recibidas, sin derecho a reclamo alguno por<br>parte de los oferentes.<\/p>\n","protected":false},"excerpt":{"rendered":"<p>El 19 de octubre en el sal\u00f3n San Mart\u00edn de la Municipalidad de Armstrong se procedi\u00f3 a laapertura de sobres correspondiente al llamado a licitaci\u00f3n N\u00b0 11\/2023 para la provisi\u00f3n de manode obra, materiales y equipos para pavimento. Participaron del acto los Secretarios de Gobierno Daniela P\u00e9rez, de Hacienda y Finanzas CPNFranco Sterrantino, y de <a href=\"https:\/\/armstrongyregion.com.ar\/diario\/armstrong-apertura-de-sobres-licitacion-n-11-2023\/\" title=\"Read more\" >&#8230;<\/a><\/p>\n","protected":false},"author":1,"featured_media":40591,"comment_status":"open","ping_status":"open","sticky":false,"template":"","format":"image","meta":{"_jetpack_memberships_contains_paid_content":false,"footnotes":"","jetpack_publicize_message":"","jetpack_publicize_feature_enabled":true,"jetpack_social_post_already_shared":true,"jetpack_social_options":{"image_generator_settings":{"template":"highway","default_image_id":0,"enabled":false},"version":2}},"categories":[8,1,2,7],"tags":[58,20,9341,9913,8777,59],"class_list":["post-40590","post","type-post","status-publish","format-image","has-post-thumbnail","hentry","category-deliberando","category-diario-armstrong","category-locales","category-politica","tag-apertura","tag-armstrong","tag-armstrongyregion","tag-daniela-perez","tag-lic-graciela-de-la-casa","tag-sobres","post_format-post-format-image"],"jetpack_publicize_connections":[],"jetpack_featured_media_url":"https:\/\/armstrongyregion.com.ar\/diario\/wp-content\/uploads\/2023\/10\/dani-perez-b.jpg","jetpack_shortlink":"https:\/\/wp.me\/p62QDO-ayG","jetpack_sharing_enabled":true,"amp_enabled":true,"_links":{"self":[{"href":"https:\/\/armstrongyregion.com.ar\/diario\/wp-json\/wp\/v2\/posts\/40590","targetHints":{"allow":["GET"]}}],"collection":[{"href":"https:\/\/armstrongyregion.com.ar\/diario\/wp-json\/wp\/v2\/posts"}],"about":[{"href":"https:\/\/armstrongyregion.com.ar\/diario\/wp-json\/wp\/v2\/types\/post"}],"author":[{"embeddable":true,"href":"https:\/\/armstrongyregion.com.ar\/diario\/wp-json\/wp\/v2\/users\/1"}],"replies":[{"embeddable":true,"href":"https:\/\/armstrongyregion.com.ar\/diario\/wp-json\/wp\/v2\/comments?post=40590"}],"version-history":[{"count":1,"href":"https:\/\/armstrongyregion.com.ar\/diario\/wp-json\/wp\/v2\/posts\/40590\/revisions"}],"predecessor-version":[{"id":40593,"href":"https:\/\/armstrongyregion.com.ar\/diario\/wp-json\/wp\/v2\/posts\/40590\/revisions\/40593"}],"wp:featuredmedia":[{"embeddable":true,"href":"https:\/\/armstrongyregion.com.ar\/diario\/wp-json\/wp\/v2\/media\/40591"}],"wp:attachment":[{"href":"https:\/\/armstrongyregion.com.ar\/diario\/wp-json\/wp\/v2\/media?parent=40590"}],"wp:term":[{"taxonomy":"category","embeddable":true,"href":"https:\/\/armstrongyregion.com.ar\/diario\/wp-json\/wp\/v2\/categories?post=40590"},{"taxonomy":"post_tag","embeddable":true,"href":"https:\/\/armstrongyregion.com.ar\/diario\/wp-json\/wp\/v2\/tags?post=40590"}],"curies":[{"name":"wp","href":"https:\/\/api.w.org\/{rel}","templated":true}]}}