{"id":40582,"date":"2023-10-19T21:00:05","date_gmt":"2023-10-19T21:00:05","guid":{"rendered":"https:\/\/armstrongyregion.com.ar\/diario\/?p=40582"},"modified":"2023-10-19T21:00:08","modified_gmt":"2023-10-19T21:00:08","slug":"bullrich-santa-fe-sabe-que-con-pullaro-gobernador-y-conmigo-como-presidente-el-narcotrafico-va-a-retroceder","status":"publish","type":"post","link":"https:\/\/armstrongyregion.com.ar\/diario\/bullrich-santa-fe-sabe-que-con-pullaro-gobernador-y-conmigo-como-presidente-el-narcotrafico-va-a-retroceder\/","title":{"rendered":"<strong>Bullrich: \u201cSanta Fe sabe que con Pullaro gobernador y conmigo como presidente el narcotr\u00e1fico va a retroceder\u201d<\/strong>"},"content":{"rendered":"\n<figure class=\"wp-block-image size-full\"><a href=\"http:\/\/armstrongyregion.com.ar\/diario\/wp-content\/uploads\/2023\/10\/bullrich-19-10-23.jpg\"><img loading=\"lazy\" decoding=\"async\" width=\"640\" height=\"427\" src=\"http:\/\/armstrongyregion.com.ar\/diario\/wp-content\/uploads\/2023\/10\/bullrich-19-10-23.jpg\" alt=\"\" class=\"wp-image-40583\" srcset=\"https:\/\/armstrongyregion.com.ar\/diario\/wp-content\/uploads\/2023\/10\/bullrich-19-10-23.jpg 640w, https:\/\/armstrongyregion.com.ar\/diario\/wp-content\/uploads\/2023\/10\/bullrich-19-10-23-300x200.jpg 300w\" sizes=\"auto, (max-width: 640px) 100vw, 640px\" \/><\/a><\/figure>\n\n\n\n<h2 class=\"wp-block-heading\">La candidata a presidente asegur\u00f3 que \u201chay un pueblo que no se entregar\u00e1 ni a los ladrones ni a quienes no tienen idea de c\u00f3mo van a gobernar\u201d. \u201cLos escucho y todos los d\u00edas cambian de idea\u201d, agreg\u00f3 \u00a0<\/h2>\n\n\n\n<p>La candidata a presidente de la Naci\u00f3n, Patricia Bullrich, realiz\u00f3 este mi\u00e9rcoles su acto de cierre de campa\u00f1a en la provincia de Santa Fe. En la ciudad de Venado Tuerto, la ex ministra de Seguridad de la Naci\u00f3n asegur\u00f3 que \u201csi Santa Fe y Naci\u00f3n est\u00e1n alineadas, el narcotr\u00e1fico va a retroceder\u201d.<br>Bullrich estuvo acompa\u00f1ada por el gobernador electo, Maximiliano Pullaro, la vicegobernadora electa, Gisela Scaglia, el diputado nacional Jos\u00e9 N\u00fa\u00f1ez, el senador departamental Lisandro Enrico, el presidente del PRO Federico Angelini, el Jefe de Gobierno Porte\u00f1o Horacio Rodr\u00edguez &nbsp;Larreta y el intendente de Venado Tuerto, Leonel Chiarella, entre otros. \u201cLos problemas que tiene la provincia de Santa Fe, especialmente Rosario, que sabemos todo lo que sufre, van a retroceder. Nosotros vamos a acompa\u00f1ar con toda la fuerza a Maximiliano Pullaro, \u00e9l ya tiene experiencia, ya sabe lo que hay que hacer, lo vamos a acompa\u00f1ar con toda la fuerza para que lo antes posible Rosario, los alrededores y tambi\u00e9n muchos otros pueblos donde est\u00e1 entrando la droga con fuerza la podamos sacar y erradicar\u201d, asegur\u00f3 la candidata a presidenta de Juntos por el Cambio.<\/p>\n\n\n\n<p>Bullrich afirm\u00f3 que \u201cSanta Fe va a estar mucho mejor si estamos alineados\u201d y puntualiz\u00f3: \u201cCon Pullaro estamos alineados. Santa Fe no va a tener que tocar ninguna puerta, no va a tener que ir a la Capital, no va a tener que ir a la Rosada. Nosotros vamos a estar en permanente contacto para trabajar en conjunto todos los problemas que Santa Fe tiene que resolver\u201d.<br>En el cierre del acto en la provincia de Santa Fe, la candidata dej\u00f3 un claro mensaje de cara al domingo: \u201cEstoy convencida de que hay un pueblo que no se entregar\u00e1. No se entregar\u00e1 a los ladrones que vienen gobernando ni a quienes se presentan como la opci\u00f3n y no tienen ni idea de c\u00f3mo van a gobernar. Los escucho y todos los d\u00edas cambian de opini\u00f3n\u201d. &nbsp;<br>La candidata de Juntos por el Cambio dijo que el suyo va a ser un gobierno en equipo. \u201cLos gobernadores van a ser parte de ese equipo, no van a tener que tocar la puerta, van a ser parte de ese equipo, van a tener una mesa permanente de trabajo con nosotros, junto a Horacio Rodr\u00edguez Larreta, que va a estar en la Jefatura de Gabinete, los gobernadores van a estar siempre presentes\u201d, cerr\u00f3.<\/p>\n\n\n\n<p>Por su parte, el primer candidato a diputado nacional por la provincia de Santa Fe, Jos\u00e9 N\u00fa\u00f1ez, record\u00f3 que Bullrich y Pullaro ya trabajaron juntos y con grandes resultados. \u201cBullrich como ministra de Seguridad de la Naci\u00f3n y Pullaro como ministro en Santa Fe. Son la garant\u00eda para terminar con la inseguridad y el narcotr\u00e1fico. Necesitamos una presidenta que no abandone a nuestra provincia como hizo durante a\u00f1os el kirchnerismo\u201d, concluy\u00f3.<\/p>\n\n\n\n<p>Entre muchos dirigentes de toda la provincia y el pa\u00eds estuvieron en Venado Tuerto con Patricia los senadores nacionales Caro Losada y Mart\u00edn Losteau, los diputados Gabriel Chumpitaz y Germana Figueroa Casas y el presidente del PRO Santa Fe Cristian Cunha.<\/p>\n","protected":false},"excerpt":{"rendered":"<p>La candidata a presidente asegur\u00f3 que \u201chay un pueblo que no se entregar\u00e1 ni a los ladrones ni a quienes no tienen idea de c\u00f3mo van a gobernar\u201d. \u201cLos escucho y todos los d\u00edas cambian de idea\u201d, agreg\u00f3 \u00a0 La candidata a presidente de la Naci\u00f3n, Patricia Bullrich, realiz\u00f3 este mi\u00e9rcoles su acto de cierre <a href=\"https:\/\/armstrongyregion.com.ar\/diario\/bullrich-santa-fe-sabe-que-con-pullaro-gobernador-y-conmigo-como-presidente-el-narcotrafico-va-a-retroceder\/\" title=\"Read more\" >&#8230;<\/a><\/p>\n","protected":false},"author":1,"featured_media":40583,"comment_status":"open","ping_status":"open","sticky":false,"template":"","format":"image","meta":{"_jetpack_memberships_contains_paid_content":false,"footnotes":"","jetpack_publicize_message":"","jetpack_publicize_feature_enabled":true,"jetpack_social_post_already_shared":true,"jetpack_social_options":{"image_generator_settings":{"template":"highway","default_image_id":0,"enabled":false},"version":2}},"categories":[6,8,1,2,7,3],"tags":[9911,9519,100,9910,16,766,4033,1750,2846,108,9612,3381,1765],"class_list":["post-40582","post","type-post","status-publish","format-image","has-post-thumbnail","hentry","category-cultura-entretenimiento","category-deliberando","category-diario-armstrong","category-locales","category-politica","category-region","tag-a-retroceder","tag-bullrich","tag-con","tag-conmigo-2","tag-el","tag-gobernador","tag-narcotrafico","tag-presidente","tag-pullaro","tag-que","tag-sabe","tag-santa-fe","tag-va","post_format-post-format-image"],"jetpack_publicize_connections":[],"jetpack_featured_media_url":"https:\/\/armstrongyregion.com.ar\/diario\/wp-content\/uploads\/2023\/10\/bullrich-19-10-23.jpg","jetpack_shortlink":"https:\/\/wp.me\/p62QDO-ayy","jetpack_sharing_enabled":true,"amp_enabled":true,"_links":{"self":[{"href":"https:\/\/armstrongyregion.com.ar\/diario\/wp-json\/wp\/v2\/posts\/40582","targetHints":{"allow":["GET"]}}],"collection":[{"href":"https:\/\/armstrongyregion.com.ar\/diario\/wp-json\/wp\/v2\/posts"}],"about":[{"href":"https:\/\/armstrongyregion.com.ar\/diario\/wp-json\/wp\/v2\/types\/post"}],"author":[{"embeddable":true,"href":"https:\/\/armstrongyregion.com.ar\/diario\/wp-json\/wp\/v2\/users\/1"}],"replies":[{"embeddable":true,"href":"https:\/\/armstrongyregion.com.ar\/diario\/wp-json\/wp\/v2\/comments?post=40582"}],"version-history":[{"count":1,"href":"https:\/\/armstrongyregion.com.ar\/diario\/wp-json\/wp\/v2\/posts\/40582\/revisions"}],"predecessor-version":[{"id":40584,"href":"https:\/\/armstrongyregion.com.ar\/diario\/wp-json\/wp\/v2\/posts\/40582\/revisions\/40584"}],"wp:featuredmedia":[{"embeddable":true,"href":"https:\/\/armstrongyregion.com.ar\/diario\/wp-json\/wp\/v2\/media\/40583"}],"wp:attachment":[{"href":"https:\/\/armstrongyregion.com.ar\/diario\/wp-json\/wp\/v2\/media?parent=40582"}],"wp:term":[{"taxonomy":"category","embeddable":true,"href":"https:\/\/armstrongyregion.com.ar\/diario\/wp-json\/wp\/v2\/categories?post=40582"},{"taxonomy":"post_tag","embeddable":true,"href":"https:\/\/armstrongyregion.com.ar\/diario\/wp-json\/wp\/v2\/tags?post=40582"}],"curies":[{"name":"wp","href":"https:\/\/api.w.org\/{rel}","templated":true}]}}