{"id":40579,"date":"2023-10-19T20:51:14","date_gmt":"2023-10-19T20:51:14","guid":{"rendered":"https:\/\/armstrongyregion.com.ar\/diario\/?p=40579"},"modified":"2023-10-19T20:51:17","modified_gmt":"2023-10-19T20:51:17","slug":"se-presento-el-libro-voces-femeninas-en-la-investigacion","status":"publish","type":"post","link":"https:\/\/armstrongyregion.com.ar\/diario\/se-presento-el-libro-voces-femeninas-en-la-investigacion\/","title":{"rendered":"Se present\u00f3 el libro \u201cVoces Femeninas en la Investigaci\u00f3n\u201d."},"content":{"rendered":"\n<figure class=\"wp-block-image size-full\"><a href=\"http:\/\/armstrongyregion.com.ar\/diario\/wp-content\/uploads\/2023\/10\/voces-fem-libro.jpg\"><img loading=\"lazy\" decoding=\"async\" width=\"408\" height=\"272\" src=\"http:\/\/armstrongyregion.com.ar\/diario\/wp-content\/uploads\/2023\/10\/voces-fem-libro.jpg\" alt=\"\" class=\"wp-image-40580\" srcset=\"https:\/\/armstrongyregion.com.ar\/diario\/wp-content\/uploads\/2023\/10\/voces-fem-libro.jpg 408w, https:\/\/armstrongyregion.com.ar\/diario\/wp-content\/uploads\/2023\/10\/voces-fem-libro-300x200.jpg 300w\" sizes=\"auto, (max-width: 408px) 100vw, 408px\" \/><\/a><\/figure>\n\n\n\n<h2 class=\"wp-block-heading\">Recopila 81 ensayos e informes t\u00e9cnicos sobre resultados de investigaci\u00f3n de mujeres santafesinas, que realizaron movilidades a trav\u00e9s del Programa de Becas de Ciencia, Tecnolog\u00eda e Innovaci\u00f3n con Perspectiva de G\u00e9nero de Santa Fe.<\/h2>\n\n\n\n<p>El gobierno provincial present\u00f3 el libro \u201cVoces Femeninas en la Investigaci\u00f3n\u201d, que contiene 81 ensayos e informes t\u00e9cnicos con los resultados de las investigaciones que se llevaron a cabo en el marco del Programa de Becas de Ciencia, Tecnolog\u00eda e Innovaci\u00f3n con Perspectiva de G\u00e9nero de Santa Fe, a partir del cu\u00e1l mujeres santafesinas realizaron movilidades a diferentes puntos del pa\u00eds y del mundo.<\/p>\n\n\n\n<p>El principal objetivo de la publicaci\u00f3n es la divulgaci\u00f3n de producciones realizadas por mujeres, priorizando que los documentos puedan ser le\u00eddos o comprendidos por el p\u00fablico en general y no as\u00ed su especificidad cient\u00edfico-t\u00e9cnico; aunque por supuesto al tratarse de una compilaci\u00f3n completamente interdisciplinaria existen diversidad de trabajos y formatos.<\/p>\n\n\n\n<p>Los trabajos corresponden a disciplinas como ciencias exactas y naturales, ciencias biol\u00f3gicas y de la salud, ciencias agrarias, ingenier\u00edas de los materiales, ciencias sociales y humanidades, desarrollo tecnol\u00f3gico y social, econom\u00eda y derecho.<\/p>\n\n\n\n<p>Al respecto, la ministra de Igualdad, G\u00e9nero y Diversidad, Florencia Marinaro, destac\u00f3 \u201cla importancia del libro, ya que visibiliza el rol de las mujeres santafesinas en acciones claves para innovar en t\u00e9cnicas productivas, explicar fen\u00f3menos sociales y resolver problem\u00e1ticas actuales. Ahora las actuales ni\u00f1as, adolescentes y estudiantes iniciales de la universidad tienen en este documento los distintos ejemplos de muchas que se han animado a romper moldes y estereotipos, y, lo m\u00e1s importante en este caso, con el apoyo del Estado Provincial\u201d.<\/p>\n\n\n\n<p>Por su parte, la secretaria de Ciencia, Tecnolog\u00eda e Innovaci\u00f3n de la provincia de Santa Fe, Marina Baima, afirm\u00f3 que \u201cesta presentaci\u00f3n es un resumen de las pol\u00edticas y las decisiones de Santa Fe, donde la igualdad de g\u00e9nero y la investigaci\u00f3n se entrelazan en una poderosa historia. Este libro celebra a mujeres que han luchado por ser cient\u00edficas y motiva a las ni\u00f1as que sue\u00f1an con serlo, presentando investigaciones que todos pueden entender. Es un compromiso que asumimos con la igualdad para las mujeres y diversidades, una muestra de que el conocimiento debe ser compartido y este libro es una inspiraci\u00f3n y un paso hacia ese mundo m\u00e1s justo y equitativo en la ciencia y en la innovaci\u00f3n\u201d.<\/p>\n\n\n\n<p>En tanto, la secretaria de Gesti\u00f3n Federal de la provincia de Santa Fe, Candelaria Gonz\u00e1lez del Pino, se\u00f1al\u00f3 que \u201cen estos cuatro a\u00f1os de gesti\u00f3n la Casa de Santa Fe ha sido, por indicaci\u00f3n del gobernador Omar Perotti, un espacio de encuentro y visibilizaci\u00f3n de las potencialidades que la provincia de Santa Fe tiene para ofrecer al pa\u00eds y el mundo. La presentaci\u00f3n de este trabajo de mujeres santafesinas en ciencia es una muestra clara de las capacidades que tenemos y de la importancia de un Estado presente que acompa\u00f1e estas iniciativas para reducir brechas. Estamos en un momento clave en nuestro pa\u00eds, y la ciencia y tecnolog\u00eda no est\u00e1 ajena a discusiones que cre\u00edamos saldadas. Como dec\u00eda Houssay: \u201cLos pa\u00edses ricos lo son porque dedican dinero al desarrollo cient\u00edfico tecnol\u00f3gico. Y los pa\u00edses pobres lo siguen siendo si no lo hacen. La ciencia no es cara, cara es la ignorancia\u201d, concluy\u00f3.<\/p>\n\n\n\n<p>La presentaci\u00f3n se realiz\u00f3 en la Casa de Santa Fe en la Ciudad de Buenos Aires y cont\u00f3 con la participaci\u00f3n de Ana Franchi y Luz Lardone, quienes realizaron el pr\u00f3logo del libro, de las m\u00e1ximas autoridades de ciencia y t\u00e9cnica de las 24 jurisdicciones, de jefatura de gabinete, de la secretaria de econom\u00eda del conocimiento, entre otros.<\/p>\n\n\n\n<p>El proyecto editorial fue coordinado por las universidades nacionales de Rosario y de Rafaela, y la Secretar\u00eda de Ciencia, Tecnolog\u00eda e Innovaci\u00f3n del gobierno de la provincia de Santa Fe. La coordinaci\u00f3n estuvo a cargo de Constanza Estepa, Luc\u00eda Desuque y Marina Baima<\/p>\n\n\n\n<figure class=\"wp-block-image\"><img decoding=\"async\" src=\"https:\/\/ci3.googleusercontent.com\/proxy\/Wwn_aZBWdq1SINR4AWplc7i-gVwIriM4K0y0wihyq4WnXin2dTT58mnbmlzedd99rQUgmgtR_qELYR_cwWc3Du0s0K1a1Iu6nK2chtybP4Wl2qdTMXksQtVK1-lRFpBVHd5T80BB031itw=s0-d-e1-ft#https:\/\/www.santafe.gov.ar\/noticias\/recursos\/fotos\/2023\/10\/2023-10-19NID_279216O_2.jpeg\" alt=\"\"\/><\/figure>\n\n\n\n<p><strong>Garantizar derechos<\/strong><br>Este libro busca garantizar el derecho de acceso a la informaci\u00f3n p\u00fablica y la democratizaci\u00f3n de las instituciones pol\u00edticas, acad\u00e9micas y cient\u00edficas. Las producciones surgen de los informes presentados en el marco de un programa del Estado provincial, que por tratarse de contenidos elaborados con el apoyo de fondos p\u00fablicos, fue prioridad para la provincia de Santa Fe facilitar instancias de socializaci\u00f3n del conocimiento por parte de sus beneficiarias.<\/p>\n\n\n\n<p>La presidenta del Consejo Nacional CONICET y escritora del pr\u00f3logo, Ana Franchi, detall\u00f3 que \u201cel libro Voces Femeninas en la Ciencia, es un trabajo important\u00edsimo llevado adelante por Marina Baima y la gente de la provincia de Santa Fe. La posibilidad de las becas por g\u00e9nero para atender reuniones cient\u00edficas y congresos son muy importantes porque van hacia dos problemas grav\u00edsimos que tienen las mujeres para avanzar en la carrera cient\u00edfica: los temas de cuidado y los temas de la participaci\u00f3n para presentar sus propios trabajos. Son dos de los tantos impedimentos que sufren las mujeres cient\u00edficas. As\u00ed que felicitamos a todas y todos los que han trabajado en este proyecto\u201d.<\/p>\n\n\n\n<p>Por \u00faltimo, la subsecretar\u00eda de Federalizaci\u00f3n de la Ciencia, Tecnolog\u00eda e Innovaci\u00f3n del Ministerio de Ciencia, Tecnolog\u00eda e Innovaci\u00f3n, Luz Lardone, se\u00f1al\u00f3 que \u201cVoces femeninas de la investigaci\u00f3n es mucho m\u00e1s que una publicaci\u00f3n que compila trabajo de mujeres santafesinas en las diferentes dimensiones del conocimiento. Es una acci\u00f3n concreta de pol\u00edtica p\u00fablica que visibiliza la perspectiva de g\u00e9nero y sobre todo contribuye a legitimar el lugar de las mujeres en el sistema cient\u00edfico tecnol\u00f3gico nacional. Cuando se trabaja desde los m\u00e1rgenes no hay mejor acci\u00f3n que la que se hace de manera colectiva. El g\u00e9nero es un asunto pol\u00edtico y como tal su pr\u00e1ctica es colectiva y desde la pol\u00edtica\u201d. En s\u00edntesis, \u201ceste libro es un producto de la pr\u00e1ctica concreta de una pol\u00edtica activa con identidad federal\u201d, agreg\u00f3 Lardone.<\/p>\n\n\n\n<p>El libro se puede descargar en formato virtual haciendo&nbsp;<a href=\"https:\/\/www.santafe.gov.ar\/index.php\/web\/content\/download\/274341\/1426936\/file\/Interior_Voces_femeninas_investigaci%C3%B3n_DIGITAL_web.pdf\" target=\"_blank\" rel=\"noreferrer noopener\">clic ac\u00e1<\/a>.<\/p>\n\n\n\n<p>Para ver la presentaci\u00f3n del libro, ingresa&nbsp;<a href=\"https:\/\/www.youtube.com\/watch?v=HctmZDzMP3E\" target=\"_blank\" rel=\"noreferrer noopener\">aqu\u00ed<\/a>.<\/p>\n","protected":false},"excerpt":{"rendered":"<p>Recopila 81 ensayos e informes t\u00e9cnicos sobre resultados de investigaci\u00f3n de mujeres santafesinas, que realizaron movilidades a trav\u00e9s del Programa de Becas de Ciencia, Tecnolog\u00eda e Innovaci\u00f3n con Perspectiva de G\u00e9nero de Santa Fe. El gobierno provincial present\u00f3 el libro \u201cVoces Femeninas en la Investigaci\u00f3n\u201d, que contiene 81 ensayos e informes t\u00e9cnicos con los resultados <a href=\"https:\/\/armstrongyregion.com.ar\/diario\/se-presento-el-libro-voces-femeninas-en-la-investigacion\/\" title=\"Read more\" >&#8230;<\/a><\/p>\n","protected":false},"author":1,"featured_media":40580,"comment_status":"open","ping_status":"open","sticky":false,"template":"","format":"image","meta":{"_jetpack_memberships_contains_paid_content":false,"footnotes":"","jetpack_publicize_message":"","jetpack_publicize_feature_enabled":true,"jetpack_social_post_already_shared":true,"jetpack_social_options":{"image_generator_settings":{"template":"highway","default_image_id":0,"enabled":false},"version":2}},"categories":[6,8,1,2,7],"tags":[16,15,9908,9909,31,26,25,86,769],"class_list":["post-40579","post","type-post","status-publish","format-image","has-post-thumbnail","hentry","category-cultura-entretenimiento","category-deliberando","category-diario-armstrong","category-locales","category-politica","tag-el","tag-en","tag-femeninas","tag-investigacion","tag-la","tag-libro","tag-presento","tag-se","tag-voces","post_format-post-format-image"],"jetpack_publicize_connections":[],"jetpack_featured_media_url":"https:\/\/armstrongyregion.com.ar\/diario\/wp-content\/uploads\/2023\/10\/voces-fem-libro.jpg","jetpack_shortlink":"https:\/\/wp.me\/p62QDO-ayv","jetpack_sharing_enabled":true,"amp_enabled":true,"_links":{"self":[{"href":"https:\/\/armstrongyregion.com.ar\/diario\/wp-json\/wp\/v2\/posts\/40579","targetHints":{"allow":["GET"]}}],"collection":[{"href":"https:\/\/armstrongyregion.com.ar\/diario\/wp-json\/wp\/v2\/posts"}],"about":[{"href":"https:\/\/armstrongyregion.com.ar\/diario\/wp-json\/wp\/v2\/types\/post"}],"author":[{"embeddable":true,"href":"https:\/\/armstrongyregion.com.ar\/diario\/wp-json\/wp\/v2\/users\/1"}],"replies":[{"embeddable":true,"href":"https:\/\/armstrongyregion.com.ar\/diario\/wp-json\/wp\/v2\/comments?post=40579"}],"version-history":[{"count":1,"href":"https:\/\/armstrongyregion.com.ar\/diario\/wp-json\/wp\/v2\/posts\/40579\/revisions"}],"predecessor-version":[{"id":40581,"href":"https:\/\/armstrongyregion.com.ar\/diario\/wp-json\/wp\/v2\/posts\/40579\/revisions\/40581"}],"wp:featuredmedia":[{"embeddable":true,"href":"https:\/\/armstrongyregion.com.ar\/diario\/wp-json\/wp\/v2\/media\/40580"}],"wp:attachment":[{"href":"https:\/\/armstrongyregion.com.ar\/diario\/wp-json\/wp\/v2\/media?parent=40579"}],"wp:term":[{"taxonomy":"category","embeddable":true,"href":"https:\/\/armstrongyregion.com.ar\/diario\/wp-json\/wp\/v2\/categories?post=40579"},{"taxonomy":"post_tag","embeddable":true,"href":"https:\/\/armstrongyregion.com.ar\/diario\/wp-json\/wp\/v2\/tags?post=40579"}],"curies":[{"name":"wp","href":"https:\/\/api.w.org\/{rel}","templated":true}]}}