{"id":40547,"date":"2023-10-17T01:21:57","date_gmt":"2023-10-17T01:21:57","guid":{"rendered":"https:\/\/armstrongyregion.com.ar\/diario\/?p=40547"},"modified":"2023-10-17T01:21:59","modified_gmt":"2023-10-17T01:21:59","slug":"el-futuro-politico-despues-del-10-de-diciembre","status":"publish","type":"post","link":"https:\/\/armstrongyregion.com.ar\/diario\/el-futuro-politico-despues-del-10-de-diciembre\/","title":{"rendered":"El futuro pol\u00edtico despu\u00e9s del 10 de diciembre."},"content":{"rendered":"\n<figure class=\"wp-block-image size-full\"><a href=\"http:\/\/armstrongyregion.com.ar\/diario\/wp-content\/uploads\/2023\/10\/Guillermo-Cornaglia-16-10-23-.jpg\"><img loading=\"lazy\" decoding=\"async\" width=\"535\" height=\"405\" src=\"http:\/\/armstrongyregion.com.ar\/diario\/wp-content\/uploads\/2023\/10\/Guillermo-Cornaglia-16-10-23-.jpg\" alt=\"\" class=\"wp-image-40548\" srcset=\"https:\/\/armstrongyregion.com.ar\/diario\/wp-content\/uploads\/2023\/10\/Guillermo-Cornaglia-16-10-23-.jpg 535w, https:\/\/armstrongyregion.com.ar\/diario\/wp-content\/uploads\/2023\/10\/Guillermo-Cornaglia-16-10-23--300x227.jpg 300w\" sizes=\"auto, (max-width: 535px) 100vw, 535px\" \/><\/a><\/figure>\n\n\n\n<h2 class=\"wp-block-heading\">El legislador Guillermo Cornaglia seguir\u00e1 como asesor del bloque justicialista de senadores.<\/h2>\n\n\n\n<p>Guillermo Cornaglia, Senador del Departamento Belgrano, dio a conocer como seguir\u00e1 su actividad luego de dejar el cargo el pr\u00f3ximo 10 de diciembre, remarcando que estar\u00e1 presente desde el lugar de donde le toque y que se brindo al m\u00e1ximo durante estos a\u00f1os de autoridad. Sostuvo que ser\u00e1 parte del asesoramiento al bloque de Senadores Justicialista en los pr\u00f3ximos 2 a\u00f1os.<\/p>\n\n\n\n<p>\u201cEn lo inmediato seguir trabajando como asesor junto al bloque de senadores justicialistas, en los pr\u00f3ximos dos a\u00f1os, eso es el futuro inmediato en lo pol\u00edtico y despu\u00e9s el tiempo y la situaci\u00f3n ir\u00e1n diciendo que es lo que vendr\u00e1, lo que si tengo por seguro que desde el lugar que me encuentre siempre que pueda hacer lo que pueda hacer desde mi lugar en beneficio del departamento a cada una de las seis comunidades siempre lo hare desde el lugar que este\u201d.<\/p>\n\n\n\n<figure class=\"wp-block-embed is-type-video is-provider-youtube wp-block-embed-youtube wp-embed-aspect-16-9 wp-has-aspect-ratio\"><div class=\"wp-block-embed__wrapper\">\n<iframe loading=\"lazy\" title=\"12-09-23 Nota Guillermo Cornaglia \u2013 Senador\" width=\"800\" height=\"450\" src=\"https:\/\/www.youtube.com\/embed\/uUUkD_Fc6uc?feature=oembed\" frameborder=\"0\" allow=\"accelerometer; autoplay; clipboard-write; encrypted-media; gyroscope; picture-in-picture; web-share\" allowfullscreen><\/iframe>\n<\/div><\/figure>\n\n\n\n<p>\u201cA m\u00ed tambi\u00e9n y son una de las cosas que m\u00e1s me est\u00e1n costando en estos d\u00edas aceptar, quiero agradecer a los compa\u00f1eros senadores del bloque justicialista de la provincia el hecho de darme la posibilidad el hecho de dos a\u00f1os mas que no sea un desapego inmediato y ahora con la posibilidad de seguir asesorando y trabajando al lado de quienes seguir\u00e1n en funciones, los seis senadores en los pr\u00f3ximos cuatro ellos y los pr\u00f3ximos dos m\u00edos\u201d.<\/p>\n\n\n\n<p>\u201cMe voy habiendo dejado lo mejor de m\u00ed, ojala lo mejor de mi hubiese sido suficiente y sino pido disculpa de eso, pero deje lo mejor de mi cuerpo, de mi integridad, en estos 8 a\u00f1os por el Departamento Belgrano, los 20 a\u00f1os que me toco como Presidente Comunal en Bouquet, fueron 28 a\u00f1os de elecciones donde di los mejores a\u00f1os de mi vida y donde me toque que sea lo que Dios quiera\u201d.<\/p>\n\n\n\n<p>Fuente: Renacer Regional.<\/p>\n","protected":false},"excerpt":{"rendered":"<p>El legislador Guillermo Cornaglia seguir\u00e1 como asesor del bloque justicialista de senadores. Guillermo Cornaglia, Senador del Departamento Belgrano, dio a conocer como seguir\u00e1 su actividad luego de dejar el cargo el pr\u00f3ximo 10 de diciembre, remarcando que estar\u00e1 presente desde el lugar de donde le toque y que se brindo al m\u00e1ximo durante estos a\u00f1os <a href=\"https:\/\/armstrongyregion.com.ar\/diario\/el-futuro-politico-despues-del-10-de-diciembre\/\" title=\"Read more\" >&#8230;<\/a><\/p>\n","protected":false},"author":1,"featured_media":40548,"comment_status":"open","ping_status":"open","sticky":false,"template":"","format":"image","meta":{"_jetpack_memberships_contains_paid_content":false,"footnotes":"","jetpack_publicize_message":"","jetpack_publicize_feature_enabled":true,"jetpack_social_post_already_shared":true,"jetpack_social_options":{"image_generator_settings":{"template":"highway","default_image_id":0,"enabled":false},"version":2}},"categories":[8,1,2,7,3],"tags":[3263,53,2516,2254,9897,201],"class_list":["post-40547","post","type-post","status-publish","format-image","has-post-thumbnail","hentry","category-deliberando","category-diario-armstrong","category-locales","category-politica","category-region","tag-10-de-diciembre","tag-del","tag-despues","tag-futuro","tag-guillermo-cornaglia","tag-politico","post_format-post-format-image"],"jetpack_publicize_connections":[],"jetpack_featured_media_url":"https:\/\/armstrongyregion.com.ar\/diario\/wp-content\/uploads\/2023\/10\/Guillermo-Cornaglia-16-10-23-.jpg","jetpack_shortlink":"https:\/\/wp.me\/p62QDO-axZ","jetpack_sharing_enabled":true,"amp_enabled":true,"_links":{"self":[{"href":"https:\/\/armstrongyregion.com.ar\/diario\/wp-json\/wp\/v2\/posts\/40547","targetHints":{"allow":["GET"]}}],"collection":[{"href":"https:\/\/armstrongyregion.com.ar\/diario\/wp-json\/wp\/v2\/posts"}],"about":[{"href":"https:\/\/armstrongyregion.com.ar\/diario\/wp-json\/wp\/v2\/types\/post"}],"author":[{"embeddable":true,"href":"https:\/\/armstrongyregion.com.ar\/diario\/wp-json\/wp\/v2\/users\/1"}],"replies":[{"embeddable":true,"href":"https:\/\/armstrongyregion.com.ar\/diario\/wp-json\/wp\/v2\/comments?post=40547"}],"version-history":[{"count":1,"href":"https:\/\/armstrongyregion.com.ar\/diario\/wp-json\/wp\/v2\/posts\/40547\/revisions"}],"predecessor-version":[{"id":40549,"href":"https:\/\/armstrongyregion.com.ar\/diario\/wp-json\/wp\/v2\/posts\/40547\/revisions\/40549"}],"wp:featuredmedia":[{"embeddable":true,"href":"https:\/\/armstrongyregion.com.ar\/diario\/wp-json\/wp\/v2\/media\/40548"}],"wp:attachment":[{"href":"https:\/\/armstrongyregion.com.ar\/diario\/wp-json\/wp\/v2\/media?parent=40547"}],"wp:term":[{"taxonomy":"category","embeddable":true,"href":"https:\/\/armstrongyregion.com.ar\/diario\/wp-json\/wp\/v2\/categories?post=40547"},{"taxonomy":"post_tag","embeddable":true,"href":"https:\/\/armstrongyregion.com.ar\/diario\/wp-json\/wp\/v2\/tags?post=40547"}],"curies":[{"name":"wp","href":"https:\/\/api.w.org\/{rel}","templated":true}]}}