{"id":40544,"date":"2023-10-17T01:18:25","date_gmt":"2023-10-17T01:18:25","guid":{"rendered":"https:\/\/armstrongyregion.com.ar\/diario\/?p=40544"},"modified":"2023-10-17T01:18:27","modified_gmt":"2023-10-17T01:18:27","slug":"primer-festival-escenico-en-armstrong","status":"publish","type":"post","link":"https:\/\/armstrongyregion.com.ar\/diario\/primer-festival-escenico-en-armstrong\/","title":{"rendered":"Primer Festival esc\u00e9nico en Armstrong."},"content":{"rendered":"\n<figure class=\"wp-block-image size-full\"><a href=\"http:\/\/armstrongyregion.com.ar\/diario\/wp-content\/uploads\/2023\/10\/elhumoteatro-16-10-23-.jpg\"><img loading=\"lazy\" decoding=\"async\" width=\"540\" height=\"321\" src=\"http:\/\/armstrongyregion.com.ar\/diario\/wp-content\/uploads\/2023\/10\/elhumoteatro-16-10-23-.jpg\" alt=\"\" class=\"wp-image-40545\" srcset=\"https:\/\/armstrongyregion.com.ar\/diario\/wp-content\/uploads\/2023\/10\/elhumoteatro-16-10-23-.jpg 540w, https:\/\/armstrongyregion.com.ar\/diario\/wp-content\/uploads\/2023\/10\/elhumoteatro-16-10-23--300x178.jpg 300w\" sizes=\"auto, (max-width: 540px) 100vw, 540px\" \/><\/a><\/figure>\n\n\n\n<h2 class=\"wp-block-heading\">En el marco del 92\u00b0 aniversario de la Biblioteca Popular Sarmiento de Armstrong se realizar\u00e1 el primer festival esc\u00e9nico a cargo de \u201cEL Humo Teatro\u201d, bajo la direcci\u00f3n general de Gustavo Maffei.<\/h2>\n\n\n\n<p>La propuesta cuenta con el auspicio de la Municipalidad de Armstrong y se desarrollar\u00e1 durante los d\u00edas 27, 28 y 29 de octubre de 2023 en el sum de la Biblioteca, ubicado en calle Per\u00fa 1547, lugar que desde hace algunos a\u00f1os abre sus puertas a este grupo teatral y a distintas expresiones art\u00edstico culturales.<\/p>\n\n\n\n<p>\u201cAll\u00ed donde otros exponen su obra yo s\u00f3lo pretendo mostrar mi esp\u00edritu\u201d. Antonin Artaud.<\/p>\n\n\n\n<p>Programa:<\/p>\n\n\n\n<p>VIERNES 27 DE OCTUBRE 21 HS \u201dMOSC\u00da\u201d, &nbsp;DE MARIO DIAMENT.<\/p>\n\n\n\n<p>Protagonistas: LAURA CHAU &#8211; GLADYS RAPETTI &#8211; &nbsp;LORENA RONCHESE<\/p>\n\n\n\n<p>Versi\u00f3n basada en la pieza de Anton Chejov, Las tres hermanas (1901). Un retrato claro y cr\u00edtico sobre el drama de la insatisfacci\u00f3n en la burgues\u00eda rusa de principios del siglo XX. El retrato de una vida llena de utop\u00edas de tres mujeres y sus mon\u00f3tonas vidas.<\/p>\n\n\n\n<p>S\u00c1BADO 28 DE OCTUBRE 21 HS \u201cMAU MAU O LA TERCERA PARTE DE LA NOCHE\u201d, DE SANTIAGO LOZA.<\/p>\n\n\n\n<p>Protagonistas: NEN\u00c9 PEDRETTI &#8211; MARIELA ROMERO<\/p>\n\n\n\n<p>Una obra sobre la boite disco que marco la noche exclusiva porte\u00f1a y de la Argentina, el brillo de una \u00e9poca y su decadencia. La soledad reflejada en los vidrios de una bola de espejos estallada a puro baile, para reflejarnos como espectadores del horror, como si a nuestro lado, no pasara nada.<\/p>\n\n\n\n<p>Obra ganadora Plan Fomento Industrias Creativas Artes Esc\u00e9nicas 2020. Producci\u00f3n obra Ministerio de Cultura de Santa Fe, y participante del ciclo \u201cTeatro por la Identidad\u201d en la ciudad de Rosario, organizado por el Museo de la Memoria y Abuelas de Plaza de Mayo, generando un posterior debate donde todas las voces fueron escuchadas.<\/p>\n\n\n\n<p>DOMINGO 29 OCTUBRE:<\/p>\n\n\n\n<p>19 HS \u201cLA PRUDENCIA \u201c, DE CLAUDIO GOTBETER.<\/p>\n\n\n\n<p>Protagonistas: CLAUDIA BELTRAMO &#8211; &nbsp;ANDREA PIANCATELLI &#8211; MARIELA ROMERO<\/p>\n\n\n\n<p>Dos amigas se re\u00fanen para celebrar el a\u00f1o nuevo. Horrorizadas por la inseguridad, \u00e9sa noche la crueldad les tender\u00e1 una trampa, donde la prudencia ser\u00e1 puesta a prueba. Una historia absurda, de humor negro, donde las situaciones desembocaran en actos irreparables.<\/p>\n\n\n\n<p>20 HS \u201cMINAS\u201d, &nbsp;DE DIANA AMIAMA.<\/p>\n\n\n\n<p>Protagonistas: LILIANA BERNUEZ &#8211; &nbsp;BETINA BALONCHARD ECKARD &#8211; &nbsp;PAULA GONZ\u00c1LEZ<\/p>\n\n\n\n<p>Ubicada en los a\u00f1os 90, la obra, cuenta con humor \u00e1cido y sensible, una noche en la vida de tres amigas. Las an\u00e9cdotas de estas mujeres adultas, atravesando esa etapa del pa\u00eds, tocadas por un pasado de violencia pol\u00edtica, confesaran sus relaciones con v\u00ednculos tradicionales con sus parejas, trabajos y profesiones, que parecen frenar opciones vitales para cumplir sus deseos.<\/p>\n\n\n\n<p>La t\u00e9cnica lum\u00ednica de cada una de las puestas est\u00e1 a cargo de Maximiliano Capoduro.<\/p>\n\n\n\n<p>Reserva de entradas al tel\u00e9fono 03471-15626688. Anticipadas con descuento por las 4 obras en Rold\u00e1n 1745 y en la misma Biblioteca.<\/p>\n","protected":false},"excerpt":{"rendered":"<p>En el marco del 92\u00b0 aniversario de la Biblioteca Popular Sarmiento de Armstrong se realizar\u00e1 el primer festival esc\u00e9nico a cargo de \u201cEL Humo Teatro\u201d, bajo la direcci\u00f3n general de Gustavo Maffei. La propuesta cuenta con el auspicio de la Municipalidad de Armstrong y se desarrollar\u00e1 durante los d\u00edas 27, 28 y 29 de octubre <a href=\"https:\/\/armstrongyregion.com.ar\/diario\/primer-festival-escenico-en-armstrong\/\" title=\"Read more\" >&#8230;<\/a><\/p>\n","protected":false},"author":1,"featured_media":40545,"comment_status":"open","ping_status":"open","sticky":false,"template":"","format":"image","meta":{"_jetpack_memberships_contains_paid_content":false,"footnotes":"","jetpack_publicize_message":"","jetpack_publicize_feature_enabled":true,"jetpack_social_post_already_shared":true,"jetpack_social_options":{"image_generator_settings":{"template":"highway","default_image_id":0,"enabled":false},"version":2}},"categories":[6,8,1,2,7,3],"tags":[20,15,9896,318,9346,605],"class_list":["post-40544","post","type-post","status-publish","format-image","has-post-thumbnail","hentry","category-cultura-entretenimiento","category-deliberando","category-diario-armstrong","category-locales","category-politica","category-region","tag-armstrong","tag-en","tag-escenico","tag-festival","tag-graciela-de-la-casa","tag-primer","post_format-post-format-image"],"jetpack_publicize_connections":[],"jetpack_featured_media_url":"https:\/\/armstrongyregion.com.ar\/diario\/wp-content\/uploads\/2023\/10\/elhumoteatro-16-10-23-.jpg","jetpack_shortlink":"https:\/\/wp.me\/p62QDO-axW","jetpack_sharing_enabled":true,"amp_enabled":true,"_links":{"self":[{"href":"https:\/\/armstrongyregion.com.ar\/diario\/wp-json\/wp\/v2\/posts\/40544","targetHints":{"allow":["GET"]}}],"collection":[{"href":"https:\/\/armstrongyregion.com.ar\/diario\/wp-json\/wp\/v2\/posts"}],"about":[{"href":"https:\/\/armstrongyregion.com.ar\/diario\/wp-json\/wp\/v2\/types\/post"}],"author":[{"embeddable":true,"href":"https:\/\/armstrongyregion.com.ar\/diario\/wp-json\/wp\/v2\/users\/1"}],"replies":[{"embeddable":true,"href":"https:\/\/armstrongyregion.com.ar\/diario\/wp-json\/wp\/v2\/comments?post=40544"}],"version-history":[{"count":1,"href":"https:\/\/armstrongyregion.com.ar\/diario\/wp-json\/wp\/v2\/posts\/40544\/revisions"}],"predecessor-version":[{"id":40546,"href":"https:\/\/armstrongyregion.com.ar\/diario\/wp-json\/wp\/v2\/posts\/40544\/revisions\/40546"}],"wp:featuredmedia":[{"embeddable":true,"href":"https:\/\/armstrongyregion.com.ar\/diario\/wp-json\/wp\/v2\/media\/40545"}],"wp:attachment":[{"href":"https:\/\/armstrongyregion.com.ar\/diario\/wp-json\/wp\/v2\/media?parent=40544"}],"wp:term":[{"taxonomy":"category","embeddable":true,"href":"https:\/\/armstrongyregion.com.ar\/diario\/wp-json\/wp\/v2\/categories?post=40544"},{"taxonomy":"post_tag","embeddable":true,"href":"https:\/\/armstrongyregion.com.ar\/diario\/wp-json\/wp\/v2\/tags?post=40544"}],"curies":[{"name":"wp","href":"https:\/\/api.w.org\/{rel}","templated":true}]}}