{"id":40539,"date":"2023-10-17T01:04:38","date_gmt":"2023-10-17T01:04:38","guid":{"rendered":"https:\/\/armstrongyregion.com.ar\/diario\/?p=40539"},"modified":"2023-10-17T01:04:41","modified_gmt":"2023-10-17T01:04:41","slug":"bullrich-saben-que-nunca-afloje-y-nunca-en-mi-vida-di-el-brazo-a-torcer-por-una-causa-justa","status":"publish","type":"post","link":"https:\/\/armstrongyregion.com.ar\/diario\/bullrich-saben-que-nunca-afloje-y-nunca-en-mi-vida-di-el-brazo-a-torcer-por-una-causa-justa\/","title":{"rendered":"Bullrich: \u201cSaben que nunca afloj\u00e9 y nunca en mi vida di el brazo a torcer por una causa justa\u201d"},"content":{"rendered":"\n<figure class=\"wp-block-image size-full\"><a href=\"http:\/\/armstrongyregion.com.ar\/diario\/wp-content\/uploads\/2023\/10\/bullrich-cierre-1.jpg\"><img loading=\"lazy\" decoding=\"async\" width=\"640\" height=\"427\" src=\"http:\/\/armstrongyregion.com.ar\/diario\/wp-content\/uploads\/2023\/10\/bullrich-cierre-1.jpg\" alt=\"\" class=\"wp-image-40540\" srcset=\"https:\/\/armstrongyregion.com.ar\/diario\/wp-content\/uploads\/2023\/10\/bullrich-cierre-1.jpg 640w, https:\/\/armstrongyregion.com.ar\/diario\/wp-content\/uploads\/2023\/10\/bullrich-cierre-1-300x200.jpg 300w\" sizes=\"auto, (max-width: 640px) 100vw, 640px\" \/><\/a><\/figure>\n\n\n\n<h2 class=\"wp-block-heading\">\u201cPor eso quiero ser Presidenta de la Naci\u00f3n, para sacar a la Argentina del pozo que sigue cavando Massa todos los santos d\u00edas. Nosotros, en este momento de turbulencias, somos una tripulaci\u00f3n confiable que va a llevar a aterrizar a la Argentina el progreso. No somos locos, somos una tripulaci\u00f3n que te va a dar la confianza de un cambio real, seguro, concreto.\u201d<\/h2>\n\n\n\n<figure class=\"wp-block-image size-full\"><a href=\"http:\/\/armstrongyregion.com.ar\/diario\/wp-content\/uploads\/2023\/10\/bullrich-3.jpg\"><img loading=\"lazy\" decoding=\"async\" width=\"320\" height=\"240\" src=\"http:\/\/armstrongyregion.com.ar\/diario\/wp-content\/uploads\/2023\/10\/bullrich-3.jpg\" alt=\"\" class=\"wp-image-40541\" srcset=\"https:\/\/armstrongyregion.com.ar\/diario\/wp-content\/uploads\/2023\/10\/bullrich-3.jpg 320w, https:\/\/armstrongyregion.com.ar\/diario\/wp-content\/uploads\/2023\/10\/bullrich-3-300x225.jpg 300w\" sizes=\"auto, (max-width: 320px) 100vw, 320px\" \/><\/a><\/figure>\n\n\n\n<p>La candidata a la presidente de Juntos por el Cambio, Patricia Bullrich, cerr\u00f3 su campa\u00f1a en la Ciudad Aut\u00f3noma de Buenos Aires. junto a Horacio Rodr\u00edguez Larreta, actual Jefe de Gobierno porte\u00f1o, y el candidato a su sucesi\u00f3n, Jorge Macri.<\/p>\n\n\n\n<figure class=\"wp-block-image size-full\"><a href=\"http:\/\/armstrongyregion.com.ar\/diario\/wp-content\/uploads\/2023\/10\/bullrich.cierre-2.jpg\"><img loading=\"lazy\" decoding=\"async\" width=\"640\" height=\"360\" src=\"http:\/\/armstrongyregion.com.ar\/diario\/wp-content\/uploads\/2023\/10\/bullrich.cierre-2.jpg\" alt=\"\" class=\"wp-image-40542\" srcset=\"https:\/\/armstrongyregion.com.ar\/diario\/wp-content\/uploads\/2023\/10\/bullrich.cierre-2.jpg 640w, https:\/\/armstrongyregion.com.ar\/diario\/wp-content\/uploads\/2023\/10\/bullrich.cierre-2-300x169.jpg 300w\" sizes=\"auto, (max-width: 640px) 100vw, 640px\" \/><\/a><\/figure>\n\n\n\n<p>Ante una multitud en el Parque Barrancas de Belgrano, los candidatos brindaron alentadores discursos ante los vecinos y militantes que se agolparon para escucharlos y acompa\u00f1arlos.<\/p>\n\n\n\n<p>Bullrich se comprometi\u00f3 a llevar adelante el cambio profundo que la Argentina necesita, con el liderazgo y la convicci\u00f3n que ha demostrado a lo largo de estos cuatro a\u00f1os que viene recorriendo el pa\u00eds, y ratific\u00f3 que la alianza que lidera es la \u00fanica capaz de lograr sacar el pa\u00eds del pozo profundo en el que se encuentra inmerso, y que es exclusiva responsabilidad del Kirchernismo y del actual candidato y Ministro de Econom\u00eda, Sergio Massa.<\/p>\n\n\n\n<p>En el marco de su enf\u00e1tico discurso, la candidata expres\u00f3: \u201cHace muchos a\u00f1os que luchamos juntos, que nos escuchamos y que nos abrazamos en las plazas. Ustedes saben que hemos ido peleando juntos contra todo el intento de destrucci\u00f3n de la Rep\u00fablica. En cada plaza del pa\u00eds hemos luchado para defender los valores de nuestra Constituci\u00f3n. Ustedes saben que hemos peleado con toda la fuerza contra las mafias sindicales.\u201d<\/p>\n\n\n\n<p>\u201cHemos peleado contra un kirchnerismo corrupto todos estos a\u00f1os, contra el narcotr\u00e1fico. Saben que yo nunca afloj\u00e9 y que nunca en mi vida di el brazo a torcer por una causa justa, y que nunca voy a dar un paso atr\u00e1s.\u201d<\/p>\n\n\n\n<p>\u201cHa llegado el momento de terminar de una vez y para siempre con esta pesadilla que ha sido el kirchnerismo, se termina, y es gracias a todos y cada uno de ustedes. A los que salieron en cada momento, en cada plaza a luchar por las escuelas abiertas. A luchar contra el vacunatorio VIP. Por el asesinato de Nisman, contra el pacto con Ir\u00e1n, por el campo, por la justicia.\u201d<\/p>\n\n\n\n<p>Afirmando: \u201cY ah\u00ed quien siempre estuvo fue Juntos por el Cambio. Por eso, estamos juntos en esta batalla final. No vamos a permitir bajo ninguna circunstancia que la Argentina siga secuestrada 20 a\u00f1os m\u00e1s por esta mafia. Nos vamos a liberar de ellos de una vez y para siempre.\u201d<\/p>\n\n\n\n<p>\u201cAc\u00e1 estamos de pie, tenemos una fuerza pol\u00edtica capaz de transformar este pa\u00eds de una vez y para siempre. Para construir esta Argentina que viene, necesitamos de todos los argentinos. Estamos aqu\u00ed, hoy, frente a una oportunidad hist\u00f3rica. En 40 a\u00f1os de democracia, esta es la primera vez que el cambio es mayor\u00eda en la historia.\u201d<\/p>\n\n\n\n<p>\u201cAhora la fuerza la tenemos nosotros. Tenemos la fuerza de m\u00e1s de 10 gobernadores, m\u00e1s de 500 intendentes, mayor\u00edas parlamentaria, Juntos por el Cambio hoy es la fuerza m\u00e1s importante de este pa\u00eds, y se construy\u00f3 en la legitimidad social, no salimos de un repollo.\u201d<br>En otro tramo del discurso, y en referencia a la oposici\u00f3n agreg\u00f3: \u201cHoy los que tienen miedo son ellos, hoy la mafia tiene miedo de perder sus privilegios, de perder sus negociados, de ir a la c\u00e1rcel, de eso tiene miedo. Argentinos, la mafia tiene miedo y nosotros tenemos el poder, los \u00fanicos que tenemos el poder de cambiar la Argentina, somos nosotros.\u201d<\/p>\n\n\n\n<p>Y concluy\u00f3 diciendo: \u201cPor eso quiero ser Presidenta de la Naci\u00f3n, para sacar a la Argentina del pozo que sigue cavando Massa todos los santos d\u00edas. Nosotros, en este momento de turbulencias, somos una tripulaci\u00f3n confiable que va a llevar a aterrizar a la Argentina el progreso. No somos locos, somos una tripulaci\u00f3n que te va a dar la confianza de un cambio real, seguro, concreto.\u201d<\/p>\n","protected":false},"excerpt":{"rendered":"<p>\u201cPor eso quiero ser Presidenta de la Naci\u00f3n, para sacar a la Argentina del pozo que sigue cavando Massa todos los santos d\u00edas. Nosotros, en este momento de turbulencias, somos una tripulaci\u00f3n confiable que va a llevar a aterrizar a la Argentina el progreso. No somos locos, somos una tripulaci\u00f3n que te va a dar <a href=\"https:\/\/armstrongyregion.com.ar\/diario\/bullrich-saben-que-nunca-afloje-y-nunca-en-mi-vida-di-el-brazo-a-torcer-por-una-causa-justa\/\" title=\"Read more\" >&#8230;<\/a><\/p>\n","protected":false},"author":1,"featured_media":40540,"comment_status":"open","ping_status":"open","sticky":false,"template":"","format":"image","meta":{"_jetpack_memberships_contains_paid_content":false,"footnotes":"","jetpack_publicize_message":"","jetpack_publicize_feature_enabled":true,"jetpack_social_post_already_shared":true,"jetpack_social_options":{"image_generator_settings":{"template":"highway","default_image_id":0,"enabled":false},"version":2}},"categories":[8,1,2,7,3],"tags":[33,9893,9894,9519,614,16,2957,9895,13],"class_list":["post-40539","post","type-post","status-publish","format-image","has-post-thumbnail","hentry","category-deliberando","category-diario-armstrong","category-locales","category-politica","category-region","tag-a","tag-afloje","tag-brazo","tag-bullrich","tag-di","tag-el","tag-nunca","tag-torcer","tag-y","post_format-post-format-image"],"jetpack_publicize_connections":[],"jetpack_featured_media_url":"https:\/\/armstrongyregion.com.ar\/diario\/wp-content\/uploads\/2023\/10\/bullrich-cierre-1.jpg","jetpack_shortlink":"https:\/\/wp.me\/p62QDO-axR","jetpack_sharing_enabled":true,"amp_enabled":true,"_links":{"self":[{"href":"https:\/\/armstrongyregion.com.ar\/diario\/wp-json\/wp\/v2\/posts\/40539","targetHints":{"allow":["GET"]}}],"collection":[{"href":"https:\/\/armstrongyregion.com.ar\/diario\/wp-json\/wp\/v2\/posts"}],"about":[{"href":"https:\/\/armstrongyregion.com.ar\/diario\/wp-json\/wp\/v2\/types\/post"}],"author":[{"embeddable":true,"href":"https:\/\/armstrongyregion.com.ar\/diario\/wp-json\/wp\/v2\/users\/1"}],"replies":[{"embeddable":true,"href":"https:\/\/armstrongyregion.com.ar\/diario\/wp-json\/wp\/v2\/comments?post=40539"}],"version-history":[{"count":1,"href":"https:\/\/armstrongyregion.com.ar\/diario\/wp-json\/wp\/v2\/posts\/40539\/revisions"}],"predecessor-version":[{"id":40543,"href":"https:\/\/armstrongyregion.com.ar\/diario\/wp-json\/wp\/v2\/posts\/40539\/revisions\/40543"}],"wp:featuredmedia":[{"embeddable":true,"href":"https:\/\/armstrongyregion.com.ar\/diario\/wp-json\/wp\/v2\/media\/40540"}],"wp:attachment":[{"href":"https:\/\/armstrongyregion.com.ar\/diario\/wp-json\/wp\/v2\/media?parent=40539"}],"wp:term":[{"taxonomy":"category","embeddable":true,"href":"https:\/\/armstrongyregion.com.ar\/diario\/wp-json\/wp\/v2\/categories?post=40539"},{"taxonomy":"post_tag","embeddable":true,"href":"https:\/\/armstrongyregion.com.ar\/diario\/wp-json\/wp\/v2\/tags?post=40539"}],"curies":[{"name":"wp","href":"https:\/\/api.w.org\/{rel}","templated":true}]}}