{"id":40522,"date":"2023-10-11T23:05:15","date_gmt":"2023-10-11T23:05:15","guid":{"rendered":"https:\/\/armstrongyregion.com.ar\/diario\/?p=40522"},"modified":"2023-10-12T23:56:22","modified_gmt":"2023-10-12T23:56:22","slug":"armstrong-32-feria-de-las-colectividades","status":"publish","type":"post","link":"https:\/\/armstrongyregion.com.ar\/diario\/armstrong-32-feria-de-las-colectividades\/","title":{"rendered":"Armstrong. 32 Feria de las Colectividades."},"content":{"rendered":"\n<figure class=\"wp-block-image size-full\"><a href=\"http:\/\/armstrongyregion.com.ar\/diario\/wp-content\/uploads\/2023\/10\/feria-32-.jpg\"><img loading=\"lazy\" decoding=\"async\" width=\"562\" height=\"529\" src=\"http:\/\/armstrongyregion.com.ar\/diario\/wp-content\/uploads\/2023\/10\/feria-32-.jpg\" alt=\"\" class=\"wp-image-40523\" srcset=\"https:\/\/armstrongyregion.com.ar\/diario\/wp-content\/uploads\/2023\/10\/feria-32-.jpg 562w, https:\/\/armstrongyregion.com.ar\/diario\/wp-content\/uploads\/2023\/10\/feria-32--300x282.jpg 300w\" sizes=\"auto, (max-width: 562px) 100vw, 562px\" \/><\/a><\/figure>\n\n\n\n<p>La 32 Edici\u00f3n de Armstrong, Feria de Colectividades, tendr\u00e1 lugar el Domingo 15 de Octubre a partir de las 16,30hs.<\/p>\n\n\n\n<p>Cronograma de Espect\u00e1culos.<br>17:00Hs. Baile Alumnos Escuela.<\/p>\n\n\n\n<p>19,30Hs. Acto Protocolar.<br>20:00Hs Grupo Bemba Colora.<br>20:15Hs Libertad en Movimiento.<br>20:30Hs Firqat al Arz (Sirio Libanes).<br>20:45Hs So\u00f1ar con los Pies..<br>21:00Hs Cumbia, Pasi\u00f3n y Confianza.<br>21:15Hs Alma Flamenca.<br>21:30HS Bemba Color\u00e1.<br>21:15Hs Cumbia.<br>21:45Hs Solovey (Ucraniano)<\/p>\n\n\n\n<p>22:05Hs Warmi<\/p>\n\n\n\n<p>22:20Hs Tango.<\/p>\n\n\n\n<p>22:35Hs Firqat Al Arz (Sirio Libanes)<\/p>\n\n\n\n<p>22:50hs Bemba Color\u00e1.<\/p>\n\n\n\n<p>23:05Hs Rifa y Mejor Stand.<\/p>\n\n\n\n<p>23:20Hs Fondo Blanco (Skaband)<\/p>\n\n\n\n<p><br>Colectividades Participantes:<br>Argentina: Centro Tradicionalista El Tropero.<br>Austr\u00edaca: Club Hurac\u00e1n.<\/p>\n\n\n\n<p>Cubana: Familia Sisneros.<br>Espa\u00f1ola: Club Barraca.<\/p>\n\n\n\n<p>E,E.U.U.Rsc. N\u00b0 262. Alumnos de 7mo grado.<\/p>\n\n\n\n<p>Friuliana: Club Atletico Defensores. Sub de Mujeres.<\/p>\n\n\n\n<p>Italiana: Familia Leguizam\u00f3n.<\/p>\n\n\n\n<p>Mexicana: Asoc. Coop. Escuela N\u00b0 262.<br>Regi\u00f3n Pampeana: Familia Bogado.<br>Sirio Libanesa: Club Defensores de F\u00fatbol Femenino.<br>Vasca: Familia Elorriaga.<\/p>\n\n\n\n<p>Comida sin Tac: Susana Rodr\u00edguez.<\/p>\n","protected":false},"excerpt":{"rendered":"<p>La 32 Edici\u00f3n de Armstrong, Feria de Colectividades, tendr\u00e1 lugar el Domingo 15 de Octubre a partir de las 16,30hs. Cronograma de Espect\u00e1culos.17:00Hs. Baile Alumnos Escuela. 19,30Hs. Acto Protocolar.20:00Hs Grupo Bemba Colora.20:15Hs Libertad en Movimiento.20:30Hs Firqat al Arz (Sirio Libanes).20:45Hs So\u00f1ar con los Pies..21:00Hs Cumbia, Pasi\u00f3n y Confianza.21:15Hs Alma Flamenca.21:30HS Bemba Color\u00e1.21:15Hs Cumbia.21:45Hs Solovey (Ucraniano) <a href=\"https:\/\/armstrongyregion.com.ar\/diario\/armstrong-32-feria-de-las-colectividades\/\" title=\"Read more\" >&#8230;<\/a><\/p>\n","protected":false},"author":1,"featured_media":40523,"comment_status":"open","ping_status":"open","sticky":false,"template":"","format":"image","meta":{"_jetpack_memberships_contains_paid_content":false,"footnotes":"","jetpack_publicize_message":"","jetpack_publicize_feature_enabled":true,"jetpack_social_post_already_shared":true,"jetpack_social_options":{"image_generator_settings":{"template":"highway","default_image_id":0,"enabled":false},"version":2}},"categories":[6,8,1,2,7,3],"tags":[20,878,19,1725,9346],"class_list":["post-40522","post","type-post","status-publish","format-image","has-post-thumbnail","hentry","category-cultura-entretenimiento","category-deliberando","category-diario-armstrong","category-locales","category-politica","category-region","tag-armstrong","tag-colectividades","tag-de","tag-feria","tag-graciela-de-la-casa","post_format-post-format-image"],"jetpack_publicize_connections":[],"jetpack_featured_media_url":"https:\/\/armstrongyregion.com.ar\/diario\/wp-content\/uploads\/2023\/10\/feria-32-.jpg","jetpack_shortlink":"https:\/\/wp.me\/p62QDO-axA","jetpack_sharing_enabled":true,"amp_enabled":true,"_links":{"self":[{"href":"https:\/\/armstrongyregion.com.ar\/diario\/wp-json\/wp\/v2\/posts\/40522","targetHints":{"allow":["GET"]}}],"collection":[{"href":"https:\/\/armstrongyregion.com.ar\/diario\/wp-json\/wp\/v2\/posts"}],"about":[{"href":"https:\/\/armstrongyregion.com.ar\/diario\/wp-json\/wp\/v2\/types\/post"}],"author":[{"embeddable":true,"href":"https:\/\/armstrongyregion.com.ar\/diario\/wp-json\/wp\/v2\/users\/1"}],"replies":[{"embeddable":true,"href":"https:\/\/armstrongyregion.com.ar\/diario\/wp-json\/wp\/v2\/comments?post=40522"}],"version-history":[{"count":2,"href":"https:\/\/armstrongyregion.com.ar\/diario\/wp-json\/wp\/v2\/posts\/40522\/revisions"}],"predecessor-version":[{"id":40528,"href":"https:\/\/armstrongyregion.com.ar\/diario\/wp-json\/wp\/v2\/posts\/40522\/revisions\/40528"}],"wp:featuredmedia":[{"embeddable":true,"href":"https:\/\/armstrongyregion.com.ar\/diario\/wp-json\/wp\/v2\/media\/40523"}],"wp:attachment":[{"href":"https:\/\/armstrongyregion.com.ar\/diario\/wp-json\/wp\/v2\/media?parent=40522"}],"wp:term":[{"taxonomy":"category","embeddable":true,"href":"https:\/\/armstrongyregion.com.ar\/diario\/wp-json\/wp\/v2\/categories?post=40522"},{"taxonomy":"post_tag","embeddable":true,"href":"https:\/\/armstrongyregion.com.ar\/diario\/wp-json\/wp\/v2\/tags?post=40522"}],"curies":[{"name":"wp","href":"https:\/\/api.w.org\/{rel}","templated":true}]}}