{"id":40515,"date":"2023-10-11T21:27:31","date_gmt":"2023-10-11T21:27:31","guid":{"rendered":"https:\/\/armstrongyregion.com.ar\/diario\/?p=40515"},"modified":"2023-10-11T21:27:33","modified_gmt":"2023-10-11T21:27:33","slug":"procrear-esta-abierta-la-inscripcion-para-acceder-a-viviendas-en-la-provincia","status":"publish","type":"post","link":"https:\/\/armstrongyregion.com.ar\/diario\/procrear-esta-abierta-la-inscripcion-para-acceder-a-viviendas-en-la-provincia\/","title":{"rendered":"Procrear: Est\u00e1 abierta la inscripci\u00f3n para acceder a viviendas en la provincia."},"content":{"rendered":"\n<figure class=\"wp-block-image size-full\"><a href=\"http:\/\/armstrongyregion.com.ar\/diario\/wp-content\/uploads\/2023\/10\/viviendas.procrear..jpg\"><img loading=\"lazy\" decoding=\"async\" width=\"371\" height=\"278\" src=\"http:\/\/armstrongyregion.com.ar\/diario\/wp-content\/uploads\/2023\/10\/viviendas.procrear..jpg\" alt=\"\" class=\"wp-image-40516\" srcset=\"https:\/\/armstrongyregion.com.ar\/diario\/wp-content\/uploads\/2023\/10\/viviendas.procrear..jpg 371w, https:\/\/armstrongyregion.com.ar\/diario\/wp-content\/uploads\/2023\/10\/viviendas.procrear.-300x225.jpg 300w\" sizes=\"auto, (max-width: 371px) 100vw, 371px\" \/><\/a><figcaption class=\"wp-element-caption\">DCIM\/101MEDIA\/DJI_0519.JPG<\/figcaption><\/figure>\n\n\n\n<h2 class=\"wp-block-heading\">Se trata de unidades habitacionales en Santa Fe, Las Parejas, Sunchales y General Lagos, correspondientes a remanentes de Desarrollos Urban\u00edsticos.<\/h2>\n\n\n\n<p>Desde este mi\u00e9rcoles, los interesados que cuenten con los requisitos necesarios establecidos por el Procrear II, podr\u00e1n inscribirse para acceder a viviendas correspondientes a la l\u00ednea Desarrollos Urban\u00edsticos en las ciudades de Santa Fe, Las Parejas, Sunchales y General Lagos.<\/p>\n\n\n\n<p>Al respecto, el secretario de H\u00e1bitat, Amado Zorz\u00f3n indic\u00f3 que \u00abya est\u00e1n abiertas las inscripciones para acceder a estas viviendas de 1, 2 y 3 dormitorios, con espacios verdes, v\u00edas de acceso y conectividad, correspondientes a la l\u00ednea Desarrollo Urban\u00edstico del programa Procrear II, que son cogestionados entre Provincia y Naci\u00f3n\u00bb.<\/p>\n\n\n\n<p>\u201cEstamos llevando adelant\u00e9 la construcci\u00f3n de m\u00e1s de 20 mil viviendas en toda la provincia, a trav\u00e9s de programas con fondos nacionales y propios, lo que habla a las claras de la voluntad de nuestro gobernador Omar Perotti de impulsar el derecho al h\u00e1bitat digno y el acceso a la vivienda como pol\u00edtica de Estado. Por eso acompa\u00f1amos e impulsamos estas buenas noticias para los santafesinos\u00bb, complet\u00f3 Zorz\u00f3n.<\/p>\n\n\n\n<p><strong>M\u00c1S VIVIENDAS<\/strong><\/p>\n\n\n\n<p>Los Desarrollos Urban\u00edsticos edificados a trav\u00e9s de Procrear II cuentan con excelentes v\u00edas de acceso, cercan\u00eda a diferentes centros educativos, recreativos y de salud, y una completa infraestructura de servicios p\u00fablicos y espacios verdes; para el desarrollo y crecimiento de las familias argentinas que all\u00ed vivan.<\/p>\n\n\n\n<p>Desde este mi\u00e9rcoles, los interesados podr\u00e1n inscribirse ingresando&nbsp;<a href=\"https:\/\/www.argentina.gob.ar\/habitat\/procrear\/desarrollosurbanisticos\" target=\"_blank\" rel=\"noreferrer noopener\">aqu\u00ed<\/a>, donde tambi\u00e9n se encuentran los requisitos necesarios que se deber\u00e1n cumplir para poder acceder al sorteo.<\/p>\n","protected":false},"excerpt":{"rendered":"<p>Se trata de unidades habitacionales en Santa Fe, Las Parejas, Sunchales y General Lagos, correspondientes a remanentes de Desarrollos Urban\u00edsticos. Desde este mi\u00e9rcoles, los interesados que cuenten con los requisitos necesarios establecidos por el Procrear II, podr\u00e1n inscribirse para acceder a viviendas correspondientes a la l\u00ednea Desarrollos Urban\u00edsticos en las ciudades de Santa Fe, Las <a href=\"https:\/\/armstrongyregion.com.ar\/diario\/procrear-esta-abierta-la-inscripcion-para-acceder-a-viviendas-en-la-provincia\/\" title=\"Read more\" >&#8230;<\/a><\/p>\n","protected":false},"author":1,"featured_media":40516,"comment_status":"open","ping_status":"open","sticky":false,"template":"","format":"image","meta":{"_jetpack_memberships_contains_paid_content":false,"footnotes":"","jetpack_publicize_message":"","jetpack_publicize_feature_enabled":true,"jetpack_social_post_already_shared":true,"jetpack_social_options":{"image_generator_settings":{"template":"highway","default_image_id":0,"enabled":false},"version":2}},"categories":[8,1,2,7,3],"tags":[433,15,9675,509,9886],"class_list":["post-40515","post","type-post","status-publish","format-image","has-post-thumbnail","hentry","category-deliberando","category-diario-armstrong","category-locales","category-politica","category-region","tag-abierta","tag-en","tag-inscripcion-2","tag-las-parejas","tag-procrear-2","post_format-post-format-image"],"jetpack_publicize_connections":[],"jetpack_featured_media_url":"https:\/\/armstrongyregion.com.ar\/diario\/wp-content\/uploads\/2023\/10\/viviendas.procrear..jpg","jetpack_shortlink":"https:\/\/wp.me\/p62QDO-axt","jetpack_sharing_enabled":true,"amp_enabled":true,"_links":{"self":[{"href":"https:\/\/armstrongyregion.com.ar\/diario\/wp-json\/wp\/v2\/posts\/40515","targetHints":{"allow":["GET"]}}],"collection":[{"href":"https:\/\/armstrongyregion.com.ar\/diario\/wp-json\/wp\/v2\/posts"}],"about":[{"href":"https:\/\/armstrongyregion.com.ar\/diario\/wp-json\/wp\/v2\/types\/post"}],"author":[{"embeddable":true,"href":"https:\/\/armstrongyregion.com.ar\/diario\/wp-json\/wp\/v2\/users\/1"}],"replies":[{"embeddable":true,"href":"https:\/\/armstrongyregion.com.ar\/diario\/wp-json\/wp\/v2\/comments?post=40515"}],"version-history":[{"count":1,"href":"https:\/\/armstrongyregion.com.ar\/diario\/wp-json\/wp\/v2\/posts\/40515\/revisions"}],"predecessor-version":[{"id":40517,"href":"https:\/\/armstrongyregion.com.ar\/diario\/wp-json\/wp\/v2\/posts\/40515\/revisions\/40517"}],"wp:featuredmedia":[{"embeddable":true,"href":"https:\/\/armstrongyregion.com.ar\/diario\/wp-json\/wp\/v2\/media\/40516"}],"wp:attachment":[{"href":"https:\/\/armstrongyregion.com.ar\/diario\/wp-json\/wp\/v2\/media?parent=40515"}],"wp:term":[{"taxonomy":"category","embeddable":true,"href":"https:\/\/armstrongyregion.com.ar\/diario\/wp-json\/wp\/v2\/categories?post=40515"},{"taxonomy":"post_tag","embeddable":true,"href":"https:\/\/armstrongyregion.com.ar\/diario\/wp-json\/wp\/v2\/tags?post=40515"}],"curies":[{"name":"wp","href":"https:\/\/api.w.org\/{rel}","templated":true}]}}