{"id":40480,"date":"2023-10-09T02:23:14","date_gmt":"2023-10-09T02:23:14","guid":{"rendered":"https:\/\/armstrongyregion.com.ar\/diario\/?p=40480"},"modified":"2023-10-09T02:23:17","modified_gmt":"2023-10-09T02:23:17","slug":"suspendieron-sin-plazo-a-la-fiscal-gabriela-lescano-de-canada-de-gomez","status":"publish","type":"post","link":"https:\/\/armstrongyregion.com.ar\/diario\/suspendieron-sin-plazo-a-la-fiscal-gabriela-lescano-de-canada-de-gomez\/","title":{"rendered":"Suspendieron sin plazo a la fiscal Gabriela Lescano, de Ca\u00f1ada de G\u00f3mez."},"content":{"rendered":"\n<figure class=\"wp-block-image size-full\"><a href=\"http:\/\/armstrongyregion.com.ar\/diario\/wp-content\/uploads\/2023\/10\/gabriela-lescano-.jpg\"><img loading=\"lazy\" decoding=\"async\" width=\"499\" height=\"322\" src=\"http:\/\/armstrongyregion.com.ar\/diario\/wp-content\/uploads\/2023\/10\/gabriela-lescano-.jpg\" alt=\"\" class=\"wp-image-40481\" srcset=\"https:\/\/armstrongyregion.com.ar\/diario\/wp-content\/uploads\/2023\/10\/gabriela-lescano-.jpg 499w, https:\/\/armstrongyregion.com.ar\/diario\/wp-content\/uploads\/2023\/10\/gabriela-lescano--300x194.jpg 300w\" sizes=\"auto, (max-width: 499px) 100vw, 499px\" \/><\/a><\/figure>\n\n\n\n<h2 class=\"wp-block-heading\">Legisladores de ambas C\u00e1maras votaron por unanimidad votaron la suspensi\u00f3n, adem\u00e1s de la rebaja de su sueldo en un 50 por ciento y le vedaron el ingreso a cualquier oficina del MPA.<\/h2>\n\n\n\n<p>En una sesi\u00f3n conjunta entre el Senado y Diputados, se resolvi\u00f3 este jueves la suspensi\u00f3n provisoria \u2013sin plazos\u2013 de la fiscal de Ca\u00f1ada de G\u00f3mez Gabriela Lescano, investigada por incumplimiento en los deberes de funcionario p\u00fablico.<\/p>\n\n\n\n<p>En julio, la funcionaria del Ministerio P\u00fablico de la Acusaci\u00f3n fue denunciada por montar una \u201coficina paralela\u201d en una galer\u00eda c\u00e9ntrica donde investigadores encontraron a una persona ajena al Poder Judicial con legajos de distintas investigaciones. Adem\u00e1s de la suspensi\u00f3n, los legisladores le rebajaron el sueldo por la mitad y le vedaron el ingreso a cualquier oficina del MPA.<\/p>\n\n\n\n<p>Este jueves, con la presencia de 40 diputados y 11 senadores, la suspensi\u00f3n de Lescano fue votada por unanimidad.<\/p>\n\n\n\n<p>El abogado de la funcionaria ahora suspendida, Gustavo Feldman, se mostr\u00f3 cr\u00edtico de la sanci\u00f3n y la compar\u00f3 con una \u201c<em>pena anticipada<\/em>\u201d en lugar de una medida cautelar. \u201c<em>He acreditado que Lescano se encuentra en un estado e indefensi\u00f3n por un severo cuadro psicof\u00edsico; est\u00e1 documentado. Tanto es as\u00ed que el Cuerpo m\u00e9dico forense de la Corte Suprema dispuso una licencia psiqui\u00e1trica por 60 d\u00edas<\/em>\u201d, dijo en di\u00e1logo con el portal REC. Por ello, tild\u00f3 de \u201c<em>sobreabundante<\/em>\u201d la suspensi\u00f3n.<\/p>\n\n\n\n<p>A fines de junio, la fiscal de Casilda Marianela Luna solicit\u00f3 un operativo en un local ubicado en la planta alta de la galer\u00eda comercial \u00abMario\u00bb, en Ca\u00f1ada de G\u00f3mez, donde hab\u00eda una oficina. La diligencia fue el corolario de m\u00faltiples denuncias hechas por jueces y abogados por el desempe\u00f1o de la fiscal Lescano. En ese lugar se encontr\u00f3 a una persona ajena al Poder Judicial con legajos de distintas investigaciones.<\/p>\n\n\n\n<p>A mediados del 2021, Lescano fue suspendida por 30 d\u00edas sin goce de sueldo por el tribunal disciplinario por faltas graves. Seg\u00fan se conoci\u00f3 en ese momento, esta situaci\u00f3n se dio en dos investigaciones y le atribuyeron \u201cgenerar\u201d que un imputado cambie de un defensor p\u00fablico a un privado para cerrar un abreviado y presentar dos acuerdos abreviados sin la conformidad del fiscal regional.<\/p>\n\n\n\n<p>Fuente: Las Rosas Digital.<\/p>\n","protected":false},"excerpt":{"rendered":"<p>Legisladores de ambas C\u00e1maras votaron por unanimidad votaron la suspensi\u00f3n, adem\u00e1s de la rebaja de su sueldo en un 50 por ciento y le vedaron el ingreso a cualquier oficina del MPA. En una sesi\u00f3n conjunta entre el Senado y Diputados, se resolvi\u00f3 este jueves la suspensi\u00f3n provisoria \u2013sin plazos\u2013 de la fiscal de Ca\u00f1ada <a href=\"https:\/\/armstrongyregion.com.ar\/diario\/suspendieron-sin-plazo-a-la-fiscal-gabriela-lescano-de-canada-de-gomez\/\" title=\"Read more\" >&#8230;<\/a><\/p>\n","protected":false},"author":1,"featured_media":40481,"comment_status":"open","ping_status":"open","sticky":false,"template":"","format":"image","meta":{"_jetpack_memberships_contains_paid_content":false,"footnotes":"","jetpack_publicize_message":"","jetpack_publicize_feature_enabled":true,"jetpack_social_post_already_shared":true,"jetpack_social_options":{"image_generator_settings":{"template":"highway","default_image_id":0,"enabled":false},"version":2}},"categories":[8,1,2,7,3],"tags":[2166,9876,31,3494,378,9875],"class_list":["post-40480","post","type-post","status-publish","format-image","has-post-thumbnail","hentry","category-deliberando","category-diario-armstrong","category-locales","category-politica","category-region","tag-fiscal","tag-gabriela-lescano","tag-la","tag-plazo","tag-sin","tag-suspendieron","post_format-post-format-image"],"jetpack_publicize_connections":[],"jetpack_featured_media_url":"https:\/\/armstrongyregion.com.ar\/diario\/wp-content\/uploads\/2023\/10\/gabriela-lescano-.jpg","jetpack_shortlink":"https:\/\/wp.me\/p62QDO-awU","jetpack_sharing_enabled":true,"amp_enabled":true,"_links":{"self":[{"href":"https:\/\/armstrongyregion.com.ar\/diario\/wp-json\/wp\/v2\/posts\/40480","targetHints":{"allow":["GET"]}}],"collection":[{"href":"https:\/\/armstrongyregion.com.ar\/diario\/wp-json\/wp\/v2\/posts"}],"about":[{"href":"https:\/\/armstrongyregion.com.ar\/diario\/wp-json\/wp\/v2\/types\/post"}],"author":[{"embeddable":true,"href":"https:\/\/armstrongyregion.com.ar\/diario\/wp-json\/wp\/v2\/users\/1"}],"replies":[{"embeddable":true,"href":"https:\/\/armstrongyregion.com.ar\/diario\/wp-json\/wp\/v2\/comments?post=40480"}],"version-history":[{"count":1,"href":"https:\/\/armstrongyregion.com.ar\/diario\/wp-json\/wp\/v2\/posts\/40480\/revisions"}],"predecessor-version":[{"id":40482,"href":"https:\/\/armstrongyregion.com.ar\/diario\/wp-json\/wp\/v2\/posts\/40480\/revisions\/40482"}],"wp:featuredmedia":[{"embeddable":true,"href":"https:\/\/armstrongyregion.com.ar\/diario\/wp-json\/wp\/v2\/media\/40481"}],"wp:attachment":[{"href":"https:\/\/armstrongyregion.com.ar\/diario\/wp-json\/wp\/v2\/media?parent=40480"}],"wp:term":[{"taxonomy":"category","embeddable":true,"href":"https:\/\/armstrongyregion.com.ar\/diario\/wp-json\/wp\/v2\/categories?post=40480"},{"taxonomy":"post_tag","embeddable":true,"href":"https:\/\/armstrongyregion.com.ar\/diario\/wp-json\/wp\/v2\/tags?post=40480"}],"curies":[{"name":"wp","href":"https:\/\/api.w.org\/{rel}","templated":true}]}}