{"id":40476,"date":"2023-10-07T22:59:33","date_gmt":"2023-10-07T22:59:33","guid":{"rendered":"https:\/\/armstrongyregion.com.ar\/diario\/?p=40476"},"modified":"2023-10-07T22:59:35","modified_gmt":"2023-10-07T22:59:35","slug":"armstrong-elegi-el-regalo-de-mama-en-la-feria","status":"publish","type":"post","link":"https:\/\/armstrongyregion.com.ar\/diario\/armstrong-elegi-el-regalo-de-mama-en-la-feria\/","title":{"rendered":"Armstrong. Eleg\u00ed el regalo de mam\u00e1 en la feria."},"content":{"rendered":"\n<figure class=\"wp-block-image size-full\"><a href=\"http:\/\/armstrongyregion.com.ar\/diario\/wp-content\/uploads\/2023\/10\/feria_8_OCT_2023.jpg\"><img loading=\"lazy\" decoding=\"async\" width=\"578\" height=\"578\" src=\"http:\/\/armstrongyregion.com.ar\/diario\/wp-content\/uploads\/2023\/10\/feria_8_OCT_2023.jpg\" alt=\"\" class=\"wp-image-40477\" srcset=\"https:\/\/armstrongyregion.com.ar\/diario\/wp-content\/uploads\/2023\/10\/feria_8_OCT_2023.jpg 578w, https:\/\/armstrongyregion.com.ar\/diario\/wp-content\/uploads\/2023\/10\/feria_8_OCT_2023-300x300.jpg 300w, https:\/\/armstrongyregion.com.ar\/diario\/wp-content\/uploads\/2023\/10\/feria_8_OCT_2023-150x150.jpg 150w\" sizes=\"auto, (max-width: 578px) 100vw, 578px\" \/><\/a><\/figure>\n\n\n\n<h2 class=\"wp-block-heading\"><strong>Este domingo 8 de octubre ven\u00ed a elegir el mejor regalo para sorprender a mam\u00e1 en su d\u00eda en la Feria Sabores y Colores Locales, a partir de las 14:30 hs. en el parque recreativo Bracito Fuerte.<\/strong><\/h2>\n\n\n\n<p>Vas a encontrar una gran variedad de productos elaborados artesanalmente en alimentos, artesan\u00edas en madera y telas, tejidos, velas arom\u00e1ticas, reciclado, macetas, plantas, entre otros.<\/p>\n\n\n\n<p>M\u00e1s de 30 emprendedores de la ciudad y la regi\u00f3n te presentan su trabajo. Adem\u00e1s hay sorteos en los stands.<\/p>\n\n\n\n<p>Servicio de buffet y la mejor m\u00fasica con DJ Gamal.&nbsp;<\/p>\n\n\n\n<p>Se suspende por lluvia. Invita: Municipalidad de Armstrong.<\/p>\n","protected":false},"excerpt":{"rendered":"<p>Este domingo 8 de octubre ven\u00ed a elegir el mejor regalo para sorprender a mam\u00e1 en su d\u00eda en la Feria Sabores y Colores Locales, a partir de las 14:30 hs. en el parque recreativo Bracito Fuerte. Vas a encontrar una gran variedad de productos elaborados artesanalmente en alimentos, artesan\u00edas en madera y telas, tejidos, <a href=\"https:\/\/armstrongyregion.com.ar\/diario\/armstrong-elegi-el-regalo-de-mama-en-la-feria\/\" title=\"Read more\" >&#8230;<\/a><\/p>\n","protected":false},"author":1,"featured_media":40477,"comment_status":"open","ping_status":"open","sticky":false,"template":"","format":"image","meta":{"_jetpack_memberships_contains_paid_content":false,"footnotes":"","jetpack_publicize_message":"","jetpack_publicize_feature_enabled":true,"jetpack_social_post_already_shared":true,"jetpack_social_options":{"image_generator_settings":{"template":"highway","default_image_id":0,"enabled":false},"version":2}},"categories":[8,1,2,7,3],"tags":[20,1336,1725,9346,1335,13],"class_list":["post-40476","post","type-post","status-publish","format-image","has-post-thumbnail","hentry","category-deliberando","category-diario-armstrong","category-locales","category-politica","category-region","tag-armstrong","tag-colores","tag-feria","tag-graciela-de-la-casa","tag-sabores","tag-y","post_format-post-format-image"],"jetpack_publicize_connections":[],"jetpack_featured_media_url":"https:\/\/armstrongyregion.com.ar\/diario\/wp-content\/uploads\/2023\/10\/feria_8_OCT_2023.jpg","jetpack_shortlink":"https:\/\/wp.me\/p62QDO-awQ","jetpack_sharing_enabled":true,"amp_enabled":true,"_links":{"self":[{"href":"https:\/\/armstrongyregion.com.ar\/diario\/wp-json\/wp\/v2\/posts\/40476","targetHints":{"allow":["GET"]}}],"collection":[{"href":"https:\/\/armstrongyregion.com.ar\/diario\/wp-json\/wp\/v2\/posts"}],"about":[{"href":"https:\/\/armstrongyregion.com.ar\/diario\/wp-json\/wp\/v2\/types\/post"}],"author":[{"embeddable":true,"href":"https:\/\/armstrongyregion.com.ar\/diario\/wp-json\/wp\/v2\/users\/1"}],"replies":[{"embeddable":true,"href":"https:\/\/armstrongyregion.com.ar\/diario\/wp-json\/wp\/v2\/comments?post=40476"}],"version-history":[{"count":2,"href":"https:\/\/armstrongyregion.com.ar\/diario\/wp-json\/wp\/v2\/posts\/40476\/revisions"}],"predecessor-version":[{"id":40479,"href":"https:\/\/armstrongyregion.com.ar\/diario\/wp-json\/wp\/v2\/posts\/40476\/revisions\/40479"}],"wp:featuredmedia":[{"embeddable":true,"href":"https:\/\/armstrongyregion.com.ar\/diario\/wp-json\/wp\/v2\/media\/40477"}],"wp:attachment":[{"href":"https:\/\/armstrongyregion.com.ar\/diario\/wp-json\/wp\/v2\/media?parent=40476"}],"wp:term":[{"taxonomy":"category","embeddable":true,"href":"https:\/\/armstrongyregion.com.ar\/diario\/wp-json\/wp\/v2\/categories?post=40476"},{"taxonomy":"post_tag","embeddable":true,"href":"https:\/\/armstrongyregion.com.ar\/diario\/wp-json\/wp\/v2\/tags?post=40476"}],"curies":[{"name":"wp","href":"https:\/\/api.w.org\/{rel}","templated":true}]}}