{"id":40449,"date":"2023-10-06T03:01:57","date_gmt":"2023-10-06T03:01:57","guid":{"rendered":"https:\/\/armstrongyregion.com.ar\/diario\/?p=40449"},"modified":"2023-10-06T03:01:59","modified_gmt":"2023-10-06T03:01:59","slug":"renovacion-por-armstrong-presento-dos-proyectos-de-ordenanza","status":"publish","type":"post","link":"https:\/\/armstrongyregion.com.ar\/diario\/renovacion-por-armstrong-presento-dos-proyectos-de-ordenanza\/","title":{"rendered":"Renovaci\u00f3n por Armstrong present\u00f3 dos proyectos de ordenanza."},"content":{"rendered":"\n<figure class=\"wp-block-image size-full\"><a href=\"http:\/\/armstrongyregion.com.ar\/diario\/wp-content\/uploads\/2022\/09\/Emiliano-Gramigna-7-9-22-.jpg\"><img loading=\"lazy\" decoding=\"async\" width=\"758\" height=\"563\" src=\"http:\/\/armstrongyregion.com.ar\/diario\/wp-content\/uploads\/2022\/09\/Emiliano-Gramigna-7-9-22-.jpg\" alt=\"\" class=\"wp-image-35725\" srcset=\"https:\/\/armstrongyregion.com.ar\/diario\/wp-content\/uploads\/2022\/09\/Emiliano-Gramigna-7-9-22-.jpg 758w, https:\/\/armstrongyregion.com.ar\/diario\/wp-content\/uploads\/2022\/09\/Emiliano-Gramigna-7-9-22--300x223.jpg 300w\" sizes=\"auto, (max-width: 758px) 100vw, 758px\" \/><\/a><\/figure>\n\n\n\n<p>El concejal Emiliano Gramigna, al t\u00e9rmino de la \u00faltima sesi\u00f3n del pasado martes, en di\u00e1logo con los medios locales expresaba: \u201cHoy presentamos dos proyectos de ordenanza uno relacionado a la creaci\u00f3n del programa \u201cUso Racional de la Energ\u00eda en las Dependencias Municipales\u201d, esto es para obtener ahorro energ\u00e9tico no solamente en la municipalidad, sino en lugares como el API, Maestranza, el Concejo Municipal, pensando que debemos ser mas amigables con el medio ambiente, el buen aprovechamiento de los recursos naturales, como la utilizaci\u00f3n de energ\u00eda solar deber\u00edan ser costumbre e implementarse en la ciudad\u201d.<\/p>\n\n\n\n<p>El edil a\u00f1adi\u00f3: \u201dEl otro proyecto de ordenanza tiene que ver con la creaci\u00f3n del debate de candidatos a concejales e intendentes locales, creemos que es muy necesario que tengan la posibilidad de poder debatir en un \u00e1mbito de igualdad, de respeto, de exposici\u00f3n de ideas, entendiendo que nosotros vemos la pol\u00edtica no como un monologo sino como un espacio de discusi\u00f3n y una buena forma de poder confrontar las ideas y despu\u00e9s que el electorado elija\u201d.<\/p>\n\n\n\n<p>\u201cLo presentamos despu\u00e9s de la contienda electoral para que no sea una especulaci\u00f3n sino para poner en pie de igualdad a todos los candidatos, que puedan exponer sus ideas, que puedan confrontarlas y que puedan llevar una mejor informaci\u00f3n al ciudadano\u201d Finaliz\u00f3 Gramigna.<\/p>\n","protected":false},"excerpt":{"rendered":"<p>El concejal Emiliano Gramigna, al t\u00e9rmino de la \u00faltima sesi\u00f3n del pasado martes, en di\u00e1logo con los medios locales expresaba: \u201cHoy presentamos dos proyectos de ordenanza uno relacionado a la creaci\u00f3n del programa \u201cUso Racional de la Energ\u00eda en las Dependencias Municipales\u201d, esto es para obtener ahorro energ\u00e9tico no solamente en la municipalidad, sino en <a href=\"https:\/\/armstrongyregion.com.ar\/diario\/renovacion-por-armstrong-presento-dos-proyectos-de-ordenanza\/\" title=\"Read more\" >&#8230;<\/a><\/p>\n","protected":false},"author":1,"featured_media":35725,"comment_status":"open","ping_status":"open","sticky":false,"template":"","format":"image","meta":{"_jetpack_memberships_contains_paid_content":false,"footnotes":"","jetpack_publicize_message":"","jetpack_publicize_feature_enabled":true,"jetpack_social_post_already_shared":true,"jetpack_social_options":{"image_generator_settings":{"template":"highway","default_image_id":0,"enabled":false},"version":2}},"categories":[8,1,2,7,3],"tags":[20,19,831,9870,60,25,8598,762],"class_list":["post-40449","post","type-post","status-publish","format-image","has-post-thumbnail","hentry","category-deliberando","category-diario-armstrong","category-locales","category-politica","category-region","tag-armstrong","tag-de","tag-dos","tag-ordenanza-2","tag-por","tag-presento","tag-proyectos-2","tag-renovacion","post_format-post-format-image"],"jetpack_publicize_connections":[],"jetpack_featured_media_url":"https:\/\/armstrongyregion.com.ar\/diario\/wp-content\/uploads\/2022\/09\/Emiliano-Gramigna-7-9-22-.jpg","jetpack_shortlink":"https:\/\/wp.me\/p62QDO-awp","jetpack_sharing_enabled":true,"amp_enabled":true,"_links":{"self":[{"href":"https:\/\/armstrongyregion.com.ar\/diario\/wp-json\/wp\/v2\/posts\/40449","targetHints":{"allow":["GET"]}}],"collection":[{"href":"https:\/\/armstrongyregion.com.ar\/diario\/wp-json\/wp\/v2\/posts"}],"about":[{"href":"https:\/\/armstrongyregion.com.ar\/diario\/wp-json\/wp\/v2\/types\/post"}],"author":[{"embeddable":true,"href":"https:\/\/armstrongyregion.com.ar\/diario\/wp-json\/wp\/v2\/users\/1"}],"replies":[{"embeddable":true,"href":"https:\/\/armstrongyregion.com.ar\/diario\/wp-json\/wp\/v2\/comments?post=40449"}],"version-history":[{"count":2,"href":"https:\/\/armstrongyregion.com.ar\/diario\/wp-json\/wp\/v2\/posts\/40449\/revisions"}],"predecessor-version":[{"id":40451,"href":"https:\/\/armstrongyregion.com.ar\/diario\/wp-json\/wp\/v2\/posts\/40449\/revisions\/40451"}],"wp:featuredmedia":[{"embeddable":true,"href":"https:\/\/armstrongyregion.com.ar\/diario\/wp-json\/wp\/v2\/media\/35725"}],"wp:attachment":[{"href":"https:\/\/armstrongyregion.com.ar\/diario\/wp-json\/wp\/v2\/media?parent=40449"}],"wp:term":[{"taxonomy":"category","embeddable":true,"href":"https:\/\/armstrongyregion.com.ar\/diario\/wp-json\/wp\/v2\/categories?post=40449"},{"taxonomy":"post_tag","embeddable":true,"href":"https:\/\/armstrongyregion.com.ar\/diario\/wp-json\/wp\/v2\/tags?post=40449"}],"curies":[{"name":"wp","href":"https:\/\/api.w.org\/{rel}","templated":true}]}}