{"id":40444,"date":"2023-10-05T02:42:06","date_gmt":"2023-10-05T02:42:06","guid":{"rendered":"https:\/\/armstrongyregion.com.ar\/diario\/?p=40444"},"modified":"2023-10-05T02:42:08","modified_gmt":"2023-10-05T02:42:08","slug":"el-bloque-oficialista-realizara-gestiones-ante-vialidad-nacional-para-la-colocacion-de-carteleria-con-referencia-a-la-estrella-amarilla","status":"publish","type":"post","link":"https:\/\/armstrongyregion.com.ar\/diario\/el-bloque-oficialista-realizara-gestiones-ante-vialidad-nacional-para-la-colocacion-de-carteleria-con-referencia-a-la-estrella-amarilla\/","title":{"rendered":"El bloque oficialista realizar\u00e1 gestiones ante vialidad nacional para la colocaci\u00f3n de carteler\u00eda con referencia a la estrella amarilla."},"content":{"rendered":"\n<figure class=\"wp-block-image size-full\"><a href=\"http:\/\/armstrongyregion.com.ar\/diario\/wp-content\/uploads\/2023\/08\/ALE-PERTU.jpg\"><img loading=\"lazy\" decoding=\"async\" width=\"400\" height=\"295\" src=\"http:\/\/armstrongyregion.com.ar\/diario\/wp-content\/uploads\/2023\/08\/ALE-PERTU.jpg\" alt=\"\" class=\"wp-image-39647\" srcset=\"https:\/\/armstrongyregion.com.ar\/diario\/wp-content\/uploads\/2023\/08\/ALE-PERTU.jpg 400w, https:\/\/armstrongyregion.com.ar\/diario\/wp-content\/uploads\/2023\/08\/ALE-PERTU-300x221.jpg 300w\" sizes=\"auto, (max-width: 400px) 100vw, 400px\" \/><\/a><\/figure>\n\n\n\n<h2 class=\"wp-block-heading\">El concejal Prof. Alejandro Pertusati, en di\u00e1logo con los medios locales expresaba; \u201cA modo de concientizaci\u00f3n vial hemos presentado un pedido que nos ha hecho la agrupaci\u00f3n local y departamental de amigos y familiares de v\u00edctimas de tr\u00e1nsito debido a las se\u00f1ales de Estrellas Amarillas, ya que cuando se aprob\u00f3 en el 2011 se pintaban en el asfalto, pero luego estas desaparecen con el tiempo. Y lo que esta entidad recomend\u00f3 fue el tema de la carteler\u00eda\u201d.<\/h2>\n\n\n\n<p>El edil a\u00f1adi\u00f3: \u201cLa agencia de Seguridad Vial ya aprob\u00f3 las Estrellas Amarillas dentro del curso de carnet de conducir. \u00daltimamente se est\u00e1n viendo muchos accidentes en rutas nacionales y provinciales y la situaci\u00f3n preocupa. Pero a modo de prevenci\u00f3n, memoria y justicia esta problem\u00e1tica va a disminuir solo con educaci\u00f3n, reimplementar la estrella amarilla a trav\u00e9s de un cartel y formando a  ni\u00f1os y j\u00f3venes en instrucci\u00f3n vial generar\u00e1 un buen impacto y nos har\u00e1 estar mejor a todos\u201d.<\/p>\n","protected":false},"excerpt":{"rendered":"<p>El concejal Prof. Alejandro Pertusati, en di\u00e1logo con los medios locales expresaba; \u201cA modo de concientizaci\u00f3n vial hemos presentado un pedido que nos ha hecho la agrupaci\u00f3n local y departamental de amigos y familiares de v\u00edctimas de tr\u00e1nsito debido a las se\u00f1ales de Estrellas Amarillas, ya que cuando se aprob\u00f3 en el 2011 se pintaban <a href=\"https:\/\/armstrongyregion.com.ar\/diario\/el-bloque-oficialista-realizara-gestiones-ante-vialidad-nacional-para-la-colocacion-de-carteleria-con-referencia-a-la-estrella-amarilla\/\" title=\"Read more\" >&#8230;<\/a><\/p>\n","protected":false},"author":1,"featured_media":39647,"comment_status":"open","ping_status":"open","sticky":false,"template":"","format":"image","meta":{"_jetpack_memberships_contains_paid_content":false,"footnotes":"","jetpack_publicize_message":"","jetpack_publicize_feature_enabled":true,"jetpack_social_post_already_shared":true,"jetpack_social_options":{"image_generator_settings":{"template":"highway","default_image_id":0,"enabled":false},"version":2}},"categories":[8,1,2,7,3],"tags":[179,9869,607,9866,100,9867,1306,31,621,81,6961,1120,2267],"class_list":["post-40444","post","type-post","status-publish","format-image","has-post-thumbnail","hentry","category-deliberando","category-diario-armstrong","category-locales","category-politica","category-region","tag-al","tag-amarilla","tag-ante","tag-colocacion","tag-con","tag-de-carteleria","tag-gestiones","tag-la","tag-nacional","tag-para","tag-pertusati","tag-referencia","tag-vialidad","post_format-post-format-image"],"jetpack_publicize_connections":[],"jetpack_featured_media_url":"https:\/\/armstrongyregion.com.ar\/diario\/wp-content\/uploads\/2023\/08\/ALE-PERTU.jpg","jetpack_shortlink":"https:\/\/wp.me\/p62QDO-awk","jetpack_sharing_enabled":true,"amp_enabled":true,"_links":{"self":[{"href":"https:\/\/armstrongyregion.com.ar\/diario\/wp-json\/wp\/v2\/posts\/40444","targetHints":{"allow":["GET"]}}],"collection":[{"href":"https:\/\/armstrongyregion.com.ar\/diario\/wp-json\/wp\/v2\/posts"}],"about":[{"href":"https:\/\/armstrongyregion.com.ar\/diario\/wp-json\/wp\/v2\/types\/post"}],"author":[{"embeddable":true,"href":"https:\/\/armstrongyregion.com.ar\/diario\/wp-json\/wp\/v2\/users\/1"}],"replies":[{"embeddable":true,"href":"https:\/\/armstrongyregion.com.ar\/diario\/wp-json\/wp\/v2\/comments?post=40444"}],"version-history":[{"count":1,"href":"https:\/\/armstrongyregion.com.ar\/diario\/wp-json\/wp\/v2\/posts\/40444\/revisions"}],"predecessor-version":[{"id":40445,"href":"https:\/\/armstrongyregion.com.ar\/diario\/wp-json\/wp\/v2\/posts\/40444\/revisions\/40445"}],"wp:featuredmedia":[{"embeddable":true,"href":"https:\/\/armstrongyregion.com.ar\/diario\/wp-json\/wp\/v2\/media\/39647"}],"wp:attachment":[{"href":"https:\/\/armstrongyregion.com.ar\/diario\/wp-json\/wp\/v2\/media?parent=40444"}],"wp:term":[{"taxonomy":"category","embeddable":true,"href":"https:\/\/armstrongyregion.com.ar\/diario\/wp-json\/wp\/v2\/categories?post=40444"},{"taxonomy":"post_tag","embeddable":true,"href":"https:\/\/armstrongyregion.com.ar\/diario\/wp-json\/wp\/v2\/tags?post=40444"}],"curies":[{"name":"wp","href":"https:\/\/api.w.org\/{rel}","templated":true}]}}