{"id":40431,"date":"2023-10-04T21:22:25","date_gmt":"2023-10-04T21:22:25","guid":{"rendered":"https:\/\/armstrongyregion.com.ar\/diario\/?p=40431"},"modified":"2023-10-04T21:22:28","modified_gmt":"2023-10-04T21:22:28","slug":"armstrong-reciclado-y-medio-ambiente","status":"publish","type":"post","link":"https:\/\/armstrongyregion.com.ar\/diario\/armstrong-reciclado-y-medio-ambiente\/","title":{"rendered":"Armstrong. Reciclado y medio ambiente."},"content":{"rendered":"\n<figure class=\"wp-block-image size-full\"><a href=\"http:\/\/armstrongyregion.com.ar\/diario\/wp-content\/uploads\/2023\/10\/reciclado-1-2-3-.jpg\"><img loading=\"lazy\" decoding=\"async\" width=\"320\" height=\"320\" src=\"http:\/\/armstrongyregion.com.ar\/diario\/wp-content\/uploads\/2023\/10\/reciclado-1-2-3-.jpg\" alt=\"\" class=\"wp-image-40432\" srcset=\"https:\/\/armstrongyregion.com.ar\/diario\/wp-content\/uploads\/2023\/10\/reciclado-1-2-3-.jpg 320w, https:\/\/armstrongyregion.com.ar\/diario\/wp-content\/uploads\/2023\/10\/reciclado-1-2-3--300x300.jpg 300w, https:\/\/armstrongyregion.com.ar\/diario\/wp-content\/uploads\/2023\/10\/reciclado-1-2-3--150x150.jpg 150w\" sizes=\"auto, (max-width: 320px) 100vw, 320px\" \/><\/a><\/figure>\n\n\n\n<p>Desde hace varios a\u00f1os, la Municipalidad de Armstrong desarrolla el programa \u201cYo me<br>Comprometo\u201d, concientizando a los vecinos sobre la importancia del cuidado del medio ambiente.<br>Y la frase que toma sentido al ver la cantidad de material reciclable que se ha recolectado<br>solamente en los \u00faltimos tres a\u00f1os.<br>Es impactante el ahorro que se produce en agua, energ\u00eda y tala de \u00e1rboles por el s\u00f3lo hecho de<br>reciclar materiales que se consideran residuos, y se vuelven a convertir en materia prima.<br>Es importante que todos los armstronenses sepamos que el Programa \u201cYo me Comprometo\u201d es<br>\u00fatil, y que el aporte y compromiso de la comunidad m\u00e1s el trabajo del Estado est\u00e1n generando<br>frutos importantes en conciencia, para tener mejores h\u00e1bitos, y tambi\u00e9n en la practicidad de lo<br>que ahorramos.<br>Como ejemplo, las 153 toneladas de cart\u00f3n recuperado evitaron talar 2.600 \u00e1rboles. Es decir que a<br>partir de recolectar, separar y entregarlo a las empresas que vuelven a producir cart\u00f3n, evitamos<br>la tala de miles de \u00e1rboles.<br>Sin dudas, es un dato que tiene una significaci\u00f3n en nuestra conciencia.<br>Est\u00e1 la decisi\u00f3n pol\u00edtica del Intendente Verdecchia y su equipo de avanzar en las cuestiones<br>ambientales y el manejo correcto de los residuos, en este caso s\u00f3lidos y secos, y es all\u00ed cuando la<br>planta de reciclaje se proyecta a 15\/20 a\u00f1os a futuro.<br>La nueva planta municipal de reciclaje ya se encuentra funcionando sobre Ruta N\u00b0 15 entre calle<br>Schaer y la autopista, de 7 a 17 hs.<br>La misma cuenta con 250 m2. cubiertos que permiten a los operarios trabajar con m\u00e1s comodidad<br>y donde se puede proyectar seguir creciendo.<br>Se renueva la invitaci\u00f3n a la comunidad para acercar sus materiales a los contenedores ubicados<br>en diversos puntos de la ciudad o bien a la nueva planta donde podr\u00e1n recibir compost para<br>utilizar en sus hogares.<\/p>\n","protected":false},"excerpt":{"rendered":"<p>Desde hace varios a\u00f1os, la Municipalidad de Armstrong desarrolla el programa \u201cYo meComprometo\u201d, concientizando a los vecinos sobre la importancia del cuidado del medio ambiente.Y la frase que toma sentido al ver la cantidad de material reciclable que se ha recolectadosolamente en los \u00faltimos tres a\u00f1os.Es impactante el ahorro que se produce en agua, energ\u00eda <a href=\"https:\/\/armstrongyregion.com.ar\/diario\/armstrong-reciclado-y-medio-ambiente\/\" title=\"Read more\" >&#8230;<\/a><\/p>\n","protected":false},"author":1,"featured_media":40432,"comment_status":"open","ping_status":"open","sticky":false,"template":"","format":"image","meta":{"_jetpack_memberships_contains_paid_content":false,"footnotes":"","jetpack_publicize_message":"","jetpack_publicize_feature_enabled":true,"jetpack_social_post_already_shared":true,"jetpack_social_options":{"image_generator_settings":{"template":"highway","default_image_id":0,"enabled":false},"version":2}},"categories":[6,8,1,2,7,3],"tags":[20,2896,13],"class_list":["post-40431","post","type-post","status-publish","format-image","has-post-thumbnail","hentry","category-cultura-entretenimiento","category-deliberando","category-diario-armstrong","category-locales","category-politica","category-region","tag-armstrong","tag-medioambiente","tag-y","post_format-post-format-image"],"jetpack_publicize_connections":[],"jetpack_featured_media_url":"https:\/\/armstrongyregion.com.ar\/diario\/wp-content\/uploads\/2023\/10\/reciclado-1-2-3-.jpg","jetpack_shortlink":"https:\/\/wp.me\/p62QDO-aw7","jetpack_sharing_enabled":true,"amp_enabled":true,"_links":{"self":[{"href":"https:\/\/armstrongyregion.com.ar\/diario\/wp-json\/wp\/v2\/posts\/40431","targetHints":{"allow":["GET"]}}],"collection":[{"href":"https:\/\/armstrongyregion.com.ar\/diario\/wp-json\/wp\/v2\/posts"}],"about":[{"href":"https:\/\/armstrongyregion.com.ar\/diario\/wp-json\/wp\/v2\/types\/post"}],"author":[{"embeddable":true,"href":"https:\/\/armstrongyregion.com.ar\/diario\/wp-json\/wp\/v2\/users\/1"}],"replies":[{"embeddable":true,"href":"https:\/\/armstrongyregion.com.ar\/diario\/wp-json\/wp\/v2\/comments?post=40431"}],"version-history":[{"count":1,"href":"https:\/\/armstrongyregion.com.ar\/diario\/wp-json\/wp\/v2\/posts\/40431\/revisions"}],"predecessor-version":[{"id":40433,"href":"https:\/\/armstrongyregion.com.ar\/diario\/wp-json\/wp\/v2\/posts\/40431\/revisions\/40433"}],"wp:featuredmedia":[{"embeddable":true,"href":"https:\/\/armstrongyregion.com.ar\/diario\/wp-json\/wp\/v2\/media\/40432"}],"wp:attachment":[{"href":"https:\/\/armstrongyregion.com.ar\/diario\/wp-json\/wp\/v2\/media?parent=40431"}],"wp:term":[{"taxonomy":"category","embeddable":true,"href":"https:\/\/armstrongyregion.com.ar\/diario\/wp-json\/wp\/v2\/categories?post=40431"},{"taxonomy":"post_tag","embeddable":true,"href":"https:\/\/armstrongyregion.com.ar\/diario\/wp-json\/wp\/v2\/tags?post=40431"}],"curies":[{"name":"wp","href":"https:\/\/api.w.org\/{rel}","templated":true}]}}