{"id":40428,"date":"2023-10-04T21:18:51","date_gmt":"2023-10-04T21:18:51","guid":{"rendered":"https:\/\/armstrongyregion.com.ar\/diario\/?p=40428"},"modified":"2023-10-04T21:20:12","modified_gmt":"2023-10-04T21:20:12","slug":"clerici-recorrio-la-finalizacion-de-trabajos-en-el-jardin-hornerito","status":"publish","type":"post","link":"https:\/\/armstrongyregion.com.ar\/diario\/clerici-recorrio-la-finalizacion-de-trabajos-en-el-jardin-hornerito\/","title":{"rendered":"Cl\u00e9rici recorri\u00f3 la finalizaci\u00f3n de trabajos en el Jard\u00edn Hornerito."},"content":{"rendered":"\n<figure class=\"wp-block-image size-full\"><a href=\"http:\/\/armstrongyregion.com.ar\/diario\/wp-content\/uploads\/2023\/10\/jardin-hornerito-.jpg\"><img loading=\"lazy\" decoding=\"async\" width=\"400\" height=\"300\" src=\"http:\/\/armstrongyregion.com.ar\/diario\/wp-content\/uploads\/2023\/10\/jardin-hornerito-.jpg\" alt=\"\" class=\"wp-image-40429\" srcset=\"https:\/\/armstrongyregion.com.ar\/diario\/wp-content\/uploads\/2023\/10\/jardin-hornerito-.jpg 400w, https:\/\/armstrongyregion.com.ar\/diario\/wp-content\/uploads\/2023\/10\/jardin-hornerito--300x225.jpg 300w\" sizes=\"auto, (max-width: 400px) 100vw, 400px\" \/><\/a><\/figure>\n\n\n\n<p>La intendenta Stella Cl\u00e9rici junto a representantes del Ministerio de Educaci\u00f3n y de la empresa adjudicada recorri\u00f3 la finalizaci\u00f3n de la obra de ampliaci\u00f3n del Jard\u00edn Hornerito, que concret\u00f3 ampliaci\u00f3n de cuatro salas con sanitarios, galer\u00edas y sal\u00f3n de usos m\u00faltiples.&nbsp;<\/p>\n\n\n\n<p>\u201cFelices porque es una obra que se gestion\u00f3 junto a la comunidad educativa y agradecidos porque se termin\u00f3 y es&nbsp;utilizada por los ni\u00f1os y docentes, agradeciendo tambi\u00e9n a todos los que colaboraron para que sea posible\u201d, destac\u00f3 Cl\u00e9rici.&nbsp;<\/p>\n","protected":false},"excerpt":{"rendered":"<p>La intendenta Stella Cl\u00e9rici junto a representantes del Ministerio de Educaci\u00f3n y de la empresa adjudicada recorri\u00f3 la finalizaci\u00f3n de la obra de ampliaci\u00f3n del Jard\u00edn Hornerito, que concret\u00f3 ampliaci\u00f3n de cuatro salas con sanitarios, galer\u00edas y sal\u00f3n de usos m\u00faltiples.&nbsp; \u201cFelices porque es una obra que se gestion\u00f3 junto a la comunidad educativa y <a href=\"https:\/\/armstrongyregion.com.ar\/diario\/clerici-recorrio-la-finalizacion-de-trabajos-en-el-jardin-hornerito\/\" title=\"Read more\" >&#8230;<\/a><\/p>\n","protected":false},"author":1,"featured_media":40429,"comment_status":"open","ping_status":"open","sticky":false,"template":"","format":"image","meta":{"_jetpack_memberships_contains_paid_content":false,"footnotes":"","jetpack_publicize_message":"","jetpack_publicize_feature_enabled":true,"jetpack_social_post_already_shared":true,"jetpack_social_options":{"image_generator_settings":{"template":"highway","default_image_id":0,"enabled":false},"version":2}},"categories":[6,8,1,7,3],"tags":[163,19,164,9859,9824],"class_list":["post-40428","post","type-post","status-publish","format-image","has-post-thumbnail","hentry","category-cultura-entretenimiento","category-deliberando","category-diario-armstrong","category-politica","category-region","tag-canada","tag-de","tag-gomez","tag-hornerito","tag-jardin-2","post_format-post-format-image"],"jetpack_publicize_connections":[],"jetpack_featured_media_url":"https:\/\/armstrongyregion.com.ar\/diario\/wp-content\/uploads\/2023\/10\/jardin-hornerito-.jpg","jetpack_shortlink":"https:\/\/wp.me\/p62QDO-aw4","jetpack_sharing_enabled":true,"amp_enabled":true,"_links":{"self":[{"href":"https:\/\/armstrongyregion.com.ar\/diario\/wp-json\/wp\/v2\/posts\/40428","targetHints":{"allow":["GET"]}}],"collection":[{"href":"https:\/\/armstrongyregion.com.ar\/diario\/wp-json\/wp\/v2\/posts"}],"about":[{"href":"https:\/\/armstrongyregion.com.ar\/diario\/wp-json\/wp\/v2\/types\/post"}],"author":[{"embeddable":true,"href":"https:\/\/armstrongyregion.com.ar\/diario\/wp-json\/wp\/v2\/users\/1"}],"replies":[{"embeddable":true,"href":"https:\/\/armstrongyregion.com.ar\/diario\/wp-json\/wp\/v2\/comments?post=40428"}],"version-history":[{"count":1,"href":"https:\/\/armstrongyregion.com.ar\/diario\/wp-json\/wp\/v2\/posts\/40428\/revisions"}],"predecessor-version":[{"id":40430,"href":"https:\/\/armstrongyregion.com.ar\/diario\/wp-json\/wp\/v2\/posts\/40428\/revisions\/40430"}],"wp:featuredmedia":[{"embeddable":true,"href":"https:\/\/armstrongyregion.com.ar\/diario\/wp-json\/wp\/v2\/media\/40429"}],"wp:attachment":[{"href":"https:\/\/armstrongyregion.com.ar\/diario\/wp-json\/wp\/v2\/media?parent=40428"}],"wp:term":[{"taxonomy":"category","embeddable":true,"href":"https:\/\/armstrongyregion.com.ar\/diario\/wp-json\/wp\/v2\/categories?post=40428"},{"taxonomy":"post_tag","embeddable":true,"href":"https:\/\/armstrongyregion.com.ar\/diario\/wp-json\/wp\/v2\/tags?post=40428"}],"curies":[{"name":"wp","href":"https:\/\/api.w.org\/{rel}","templated":true}]}}