{"id":40425,"date":"2023-10-04T03:15:47","date_gmt":"2023-10-04T03:15:47","guid":{"rendered":"https:\/\/armstrongyregion.com.ar\/diario\/?p=40425"},"modified":"2023-10-04T03:15:48","modified_gmt":"2023-10-04T03:15:48","slug":"perotti-y-pullaro-se-encontraran-este-jueves-por-primera-vez-desde-el-inicio-de-la-transicion","status":"publish","type":"post","link":"https:\/\/armstrongyregion.com.ar\/diario\/perotti-y-pullaro-se-encontraran-este-jueves-por-primera-vez-desde-el-inicio-de-la-transicion\/","title":{"rendered":"Perotti y Pullaro se encontrar\u00e1n este jueves por primera vez desde el inicio de la transici\u00f3n."},"content":{"rendered":"\n<figure class=\"wp-block-image size-full\"><a href=\"http:\/\/armstrongyregion.com.ar\/diario\/wp-content\/uploads\/2023\/10\/gobierno_santa_fe.jpg_1756841869.jpg\"><img loading=\"lazy\" decoding=\"async\" width=\"400\" height=\"225\" src=\"http:\/\/armstrongyregion.com.ar\/diario\/wp-content\/uploads\/2023\/10\/gobierno_santa_fe.jpg_1756841869.jpg\" alt=\"\" class=\"wp-image-40426\" srcset=\"https:\/\/armstrongyregion.com.ar\/diario\/wp-content\/uploads\/2023\/10\/gobierno_santa_fe.jpg_1756841869.jpg 400w, https:\/\/armstrongyregion.com.ar\/diario\/wp-content\/uploads\/2023\/10\/gobierno_santa_fe.jpg_1756841869-300x169.jpg 300w\" sizes=\"auto, (max-width: 400px) 100vw, 400px\" \/><\/a><figcaption class=\"wp-element-caption\">Perotti y Pullaro se encontrar\u00e1n este jueves.<\/figcaption><\/figure>\n\n\n\n<h2 class=\"wp-block-heading\">El gobernador y su sucesor desde el 10 de diciembre participar\u00e1n de un acto en Coronda\u00a0junto a los cordobeses Juan Schiaretti y Mart\u00edn Llaryora.<\/h2>\n\n\n\n<p>Mientras se\u00a0<a rel=\"noreferrer noopener\" href=\"https:\/\/www.rosario3.com\/informaciongeneral\/Nueva-reunion-de-transicion-entre-los-equipos-de-Perotti-y-Pullaro-ahora-en-Salud-20231003-0065.html\" target=\"_blank\">desarrollan las reuniones entre los equipos t\u00e9cnicos\u00a0<\/a>del gobierno provincial y de la pr\u00f3xima gesti\u00f3n santafesina, el\u00a0<strong>gobernador Omar Perotti y su sucesor a partir del 10 de diciembre, Maximiliano Pullaro<\/strong>, se ver\u00e1n\u00a0<strong>por primera vez este jueves desde las elecciones\u00a0<\/strong>del 10 de septiembre.<\/p>\n\n\n\n<p>El encuentro ser\u00e1 en la&nbsp;<strong>ciudad de Coronda<\/strong>&nbsp;donde se desarrollar\u00e1 el acto oficial de la unidad ejecutora del acueducto biprovincial entre Santa Fe y C\u00f3rdoba, seg\u00fan inform\u00f3 la periodista Ivana Fux en el programa&nbsp;<em>Telenoche Rosario<\/em>&nbsp;(El Tres).<\/p>\n\n\n\n<p>La actividad ser\u00e1 encabezada por los gobernadores de Santa Fe, Omar Perotti; y de C\u00f3rdoba, Juan Schiaretti. Adem\u00e1s, se<strong>&nbsp;cursaron invitaciones a los mandatarios electos de ambas jurisdicciones, Maximiliano Pullaro y Mart\u00edn Llaryora<\/strong>. Ambos confirmaron presencia.<\/p>\n\n\n\n<p>El gobierno provincial detall\u00f3 que la obra beneficiar\u00e1 con agua potable a m\u00e1s de<strong>&nbsp;400 mil habitantes de 54 localidades<\/strong>&nbsp;de ambas provincias en una primera etapa.<\/p>\n\n\n\n<p>Los trabajos a ejecutar son financiados con el\u00a0<strong>Fondo Kuwait\u00ed para el Desarrollo Econ\u00f3mico \u00c1rabe\u00a0<\/strong>y comprenden para esta etapa, la extracci\u00f3n de agua a la altura del r\u00edo Coronda, en la planta purificadora, para luego llegar hasta San Mart\u00edn de las Escobas. Mientras que la segunda fase de esta primera etapa llega hasta San Francisco.\u00a0<\/p>\n\n\n\n<p>Fuente: Rosario3.com<\/p>\n","protected":false},"excerpt":{"rendered":"<p>El gobernador y su sucesor desde el 10 de diciembre participar\u00e1n de un acto en Coronda\u00a0junto a los cordobeses Juan Schiaretti y Mart\u00edn Llaryora. Mientras se\u00a0desarrollan las reuniones entre los equipos t\u00e9cnicos\u00a0del gobierno provincial y de la pr\u00f3xima gesti\u00f3n santafesina, el\u00a0gobernador Omar Perotti y su sucesor a partir del 10 de diciembre, Maximiliano Pullaro, se <a href=\"https:\/\/armstrongyregion.com.ar\/diario\/perotti-y-pullaro-se-encontraran-este-jueves-por-primera-vez-desde-el-inicio-de-la-transicion\/\" title=\"Read more\" >&#8230;<\/a><\/p>\n","protected":false},"author":1,"featured_media":40426,"comment_status":"open","ping_status":"open","sticky":false,"template":"","format":"image","meta":{"_jetpack_memberships_contains_paid_content":false,"footnotes":"","jetpack_publicize_message":"","jetpack_publicize_feature_enabled":true,"jetpack_social_post_already_shared":true,"jetpack_social_options":{"image_generator_settings":{"template":"highway","default_image_id":0,"enabled":false},"version":2}},"categories":[8,1,2,7,3],"tags":[9858,162,755,1409,2846,86,13],"class_list":["post-40425","post","type-post","status-publish","format-image","has-post-thumbnail","hentry","category-deliberando","category-diario-armstrong","category-locales","category-politica","category-region","tag-encontraran","tag-este","tag-jueves","tag-perotti","tag-pullaro","tag-se","tag-y","post_format-post-format-image"],"jetpack_publicize_connections":[],"jetpack_featured_media_url":"https:\/\/armstrongyregion.com.ar\/diario\/wp-content\/uploads\/2023\/10\/gobierno_santa_fe.jpg_1756841869.jpg","jetpack_shortlink":"https:\/\/wp.me\/p62QDO-aw1","jetpack_sharing_enabled":true,"amp_enabled":true,"_links":{"self":[{"href":"https:\/\/armstrongyregion.com.ar\/diario\/wp-json\/wp\/v2\/posts\/40425","targetHints":{"allow":["GET"]}}],"collection":[{"href":"https:\/\/armstrongyregion.com.ar\/diario\/wp-json\/wp\/v2\/posts"}],"about":[{"href":"https:\/\/armstrongyregion.com.ar\/diario\/wp-json\/wp\/v2\/types\/post"}],"author":[{"embeddable":true,"href":"https:\/\/armstrongyregion.com.ar\/diario\/wp-json\/wp\/v2\/users\/1"}],"replies":[{"embeddable":true,"href":"https:\/\/armstrongyregion.com.ar\/diario\/wp-json\/wp\/v2\/comments?post=40425"}],"version-history":[{"count":1,"href":"https:\/\/armstrongyregion.com.ar\/diario\/wp-json\/wp\/v2\/posts\/40425\/revisions"}],"predecessor-version":[{"id":40427,"href":"https:\/\/armstrongyregion.com.ar\/diario\/wp-json\/wp\/v2\/posts\/40425\/revisions\/40427"}],"wp:featuredmedia":[{"embeddable":true,"href":"https:\/\/armstrongyregion.com.ar\/diario\/wp-json\/wp\/v2\/media\/40426"}],"wp:attachment":[{"href":"https:\/\/armstrongyregion.com.ar\/diario\/wp-json\/wp\/v2\/media?parent=40425"}],"wp:term":[{"taxonomy":"category","embeddable":true,"href":"https:\/\/armstrongyregion.com.ar\/diario\/wp-json\/wp\/v2\/categories?post=40425"},{"taxonomy":"post_tag","embeddable":true,"href":"https:\/\/armstrongyregion.com.ar\/diario\/wp-json\/wp\/v2\/tags?post=40425"}],"curies":[{"name":"wp","href":"https:\/\/api.w.org\/{rel}","templated":true}]}}