{"id":40422,"date":"2023-10-04T02:22:03","date_gmt":"2023-10-04T02:22:03","guid":{"rendered":"https:\/\/armstrongyregion.com.ar\/diario\/?p=40422"},"modified":"2023-10-04T02:22:06","modified_gmt":"2023-10-04T02:22:06","slug":"la-provincia-participo-de-la-jornada-de-premiacion-de-la-18-edicion-del-concurso-innovar","status":"publish","type":"post","link":"https:\/\/armstrongyregion.com.ar\/diario\/la-provincia-participo-de-la-jornada-de-premiacion-de-la-18-edicion-del-concurso-innovar\/","title":{"rendered":"La provincia particip\u00f3 de la jornada de premiaci\u00f3n de la 18\u00b0 edici\u00f3n del concurso INNOVAR."},"content":{"rendered":"\n<figure class=\"wp-block-image size-full\"><a href=\"http:\/\/armstrongyregion.com.ar\/diario\/wp-content\/uploads\/2023\/10\/innovar-3-10-23-.jpg\"><img loading=\"lazy\" decoding=\"async\" width=\"570\" height=\"320\" src=\"http:\/\/armstrongyregion.com.ar\/diario\/wp-content\/uploads\/2023\/10\/innovar-3-10-23-.jpg\" alt=\"\" class=\"wp-image-40423\" srcset=\"https:\/\/armstrongyregion.com.ar\/diario\/wp-content\/uploads\/2023\/10\/innovar-3-10-23-.jpg 570w, https:\/\/armstrongyregion.com.ar\/diario\/wp-content\/uploads\/2023\/10\/innovar-3-10-23--300x168.jpg 300w\" sizes=\"auto, (max-width: 570px) 100vw, 570px\" \/><\/a><\/figure>\n\n\n\n<h2 class=\"wp-block-heading\">Por Santa Fe resultaron seleccionadas siete iniciativas. El certamen fomenta la innovaci\u00f3n y premia a quienes se atreven a inventar, dise\u00f1ar y desarrollar productos y servicios a nivel federal.<\/h2>\n\n\n\n<p>La secretaria de Ciencia, Tecnolog\u00eda e Innovaci\u00f3n de Santa Fe, Marina Baima, particip\u00f3 este s\u00e1bado de la ceremonia de entrega de premios de la 18\u00b0 edici\u00f3n del Concurso Nacional de Innovaciones INNOVAR, organizado por el Ministerio de Ciencia, Tecnolog\u00eda e Innovaci\u00f3n de la Naci\u00f3n.<\/p>\n\n\n\n<p>Del encuentro participaron m\u00e1s de 150 innovadoras e innovadores, quienes exhibieron sus prototipos y mostraron sus iniciativas al p\u00fablico y al jurado que eligi\u00f3 los proyectos ganadores. El certamen reparti\u00f3 $ 57.500.000 en 97 distinciones distribuidas en los premios de cada categor\u00eda (95), y dos \u201cGrandes Distinciones INNOVAR\u201d.<\/p>\n\n\n\n<p>Las iniciativas premiadas recibieron una estatuilla alusiva de esta edici\u00f3n del concurso, elaborada por el Centro de Investigaci\u00f3n y Extensi\u00f3n Forestal Andino Patag\u00f3nico (CIEFAP).<\/p>\n\n\n\n<p>Por la provincia de Santa Fe, resultaron ganadoras las iniciativas: \u201c<a href=\"http:\/\/clon.ar\/\" rel=\"noreferrer noopener\" target=\"_blank\">CLON.AR<\/a>\u201d, de Adri\u00e1n Bender de la Facultad de Ciencias Agrarias de la Universidad Nacional del Litoral; \u201cDesarrollo de una vacuna oral contra la gripe aviar\u201d, de Christian Magni del Instituto de Biolog\u00eda Molecular y Celular de Rosario (CONICET-UNR); \u201cMUU App Nutrition\u201d, de Sebasti\u00e1n Ayala de la Universidad Nacional del Litoral; \u201cMINI-ENFARDADORA\u201d, de la Escuela de Educaci\u00f3n T\u00e9cnico Profesional N\u00b0487 de Santa Fe; \u201cTaza especial para personas no videntes\u201d de la Escuela de Educaci\u00f3n T\u00e9cnico Profesional N\u00b0460 \u00abGuillermo Lehmann\u00bb de Santa Fe.<\/p>\n\n\n\n<p>Adem\u00e1s, recibi\u00f3 la Medalla INTA y la Menci\u00f3n Especial INTI la iniciativa \u201cDesarrollo de una vacuna oral contra la gripe aviar\u201d de Christian Magni del Instituto de Biolog\u00eda Molecular y Celular de Rosario (CONICET-UNR).<\/p>\n\n\n\n<p>De la actividad tambi\u00e9n particip\u00f3 el ministro de Ciencia, Tecnolog\u00eda e Innovaci\u00f3n, Daniel Filmus, quien manifest\u00f3 su \u201calegr\u00eda y emoci\u00f3n por lo federal de esta premiaci\u00f3n\u201d. En cuanto a la categor\u00eda que contempla escuelas t\u00e9cnicas y agrot\u00e9cnicas, mencion\u00f3 \u201cque Argentina en 2005 no tuviera escuelas t\u00e9cnicas realmente era una verg\u00fcenza y lo logramos, \u00bfpor qu\u00e9 no hab\u00eda escuelas t\u00e9cnicas? Porque no hab\u00eda un proyecto industrial de pa\u00eds, y si uno solamente va a producir productos primarios no necesita escuelas t\u00e9cnicas\u201d.<\/p>\n\n\n\n<p>\u201cLa escuela t\u00e9cnica agrega valor a partir de lo mejor que tenemos, que es la capacidad de trabajo de nuestra gente. Estamos orgullosos de nuestras escuelas t\u00e9cnicas, porque forman lo mejor de nuestros profesionales\u201d, agreg\u00f3 el ministro.<\/p>\n\n\n\n<p>Por su parte, la secretaria Marina Baima sostuvo: \u201cen esta edici\u00f3n de Innovar, la provincia de Santa Fe otra vez tuvo grandes resultados, premiados en diferentes categor\u00edas y dos premios especiales en las escuelas t\u00e9cnicas, el INTA y el INTI. Esto muestra un sistema cient\u00edfico tecnol\u00f3gico de innovaci\u00f3n que cada vez se consolida y robustece sus ra\u00edces, pensando en proyectos disruptivos con las caracter\u00edsticas de la provincia de Santa Fe, pero tambi\u00e9n con la alta inventiva para ser premiados en esta distinci\u00f3n\u201d.<\/p>\n\n\n\n<p>\u201cEn esta edici\u00f3n de Innovar, se han destacado, adem\u00e1s de los ganadores, la participaci\u00f3n de 7 proyectos finalistas santafesinos y la presencia en el cat\u00e1logo en la exposici\u00f3n. Claramente el rol de las universidades es fundamental, se ha visto la presencia de las tres universidades nacionales con arraigo en el territorio, como as\u00ed tambi\u00e9n proyectos de startups que se vienen acompa\u00f1ando con distintas l\u00edneas de financiamiento desde la provincia. Una vez m\u00e1s, Santa Fe es ciencia, Santa Fe es innovaci\u00f3n. Acompa\u00f1ar y estar presente en estas iniciativas es demostrar que junto al gobernador Omar Perotti y el ministro Daniel Costamagna, el foco en esta gesti\u00f3n fue estar cerca de los que investigan y los que trabajan para una provincia m\u00e1s innovadora. Y es tambi\u00e9n un reconocimiento a ese talento del que sabemos que tenemos que estar cerca y as\u00ed continuar potenciando nuestro ecosistema santafesino\u201d, se\u00f1al\u00f3 la funcionaria.<\/p>\n\n\n\n<figure class=\"wp-block-image\"><img decoding=\"async\" src=\"https:\/\/ci6.googleusercontent.com\/proxy\/_g69aCu--xC9uUcdOENYfd7M3A_WQjU4k-5e7wHkf0Qgct3P50a0Tjh_GMeIiZyL3FAxY9Kp7R-5udyl_8blcZRxWQLM-iWyrA8uRB3N0wolc-NRBAmBO-f5kGLjje4nv2ovVCa2_KybXQ=s0-d-e1-ft#https:\/\/www.santafe.gob.ar\/noticias\/recursos\/fotos\/2023\/10\/2023-10-03NID_279150O_2.jpeg\" alt=\"\"\/><\/figure>\n\n\n\n<p><strong>PRESENTES<\/strong><\/p>\n\n\n\n<p>Participaron de la jornada: el titular de la Direcci\u00f3n de Articulaci\u00f3n y Contenidos Audiovisuales, Juan Peyrou; el presidente de la Agencia Nacional de Promoci\u00f3n de la Investigaci\u00f3n, el Desarrollo Tecnol\u00f3gico y la Innovaci\u00f3n (Agencia I+D+i), Fernando Peirano; la presidenta del CONICET, Ana Franchi; la subsecretaria nacional de Federalizaci\u00f3n de la Ciencia, Tecnolog\u00eda e Innovaci\u00f3n, Luz Lardone; el director ejecutivo del INET, Gerardo Marchesini; la presidenta del INTI, Sandra Mayol; y la vicepresidenta del INTA, Nacira Mu\u00f1oz.<\/p>\n\n\n\n<p><strong>SOBRE EL CONCURSO<\/strong><\/p>\n\n\n\n<p>Con m\u00e1s de 18 a\u00f1os de trayectoria, el Concurso Nacional de Innovaciones INNOVAR es la iniciativa pionera que fomenta la innovaci\u00f3n y premia a quienes se atreven a inventar, crear y mejorar productos y servicios, a nivel federal. Los proyectos son distinguidos con el objetivo de impulsar y promover invenciones de alto impacto social y comercial; potenciar emprendimientos de base tecnol\u00f3gica; dar visibilidad a procesos, productos patentados o patentables en Argentina y\/o el exterior y servicios que conlleven una demostrada generaci\u00f3n de valor; y continuar fortaleciendo el desarrollo de una cultura innovadora nacional.<\/p>\n\n\n\n<p>En la edici\u00f3n 2023, se registraron 1049 iniciativas cuya distribuci\u00f3n por categor\u00edas fue: 209 proyectos en \u201cDise\u00f1o innovador\u201d; 67 en \u201cInvestigaci\u00f3n Aplicada\u201d, 89 en \u201cDesarrollo Sustentable y Energ\u00eda\u201d, 80 en \u201cAlimentos\u201d, 82 en \u201cSalud\u201d, 56 en \u201cRob\u00f3tica e Inteligencia Artificial\u201d, 74 en Peque\u00f1as y medianas empresas\u201d, 69 en \u201cInnovaciones en la Universidad\u201d y 323 en \u201cEscuelas T\u00e9cnicas y Agrot\u00e9cnicas\u201d. Respecto a su distribuci\u00f3n federal se inscribieron 631 proyectos de la regi\u00f3n Centro y Buenos Aires; 115 de la regi\u00f3n NOA; 128 de Cuyo; 90 de la regi\u00f3n Patagonia; y 85 del NEA.<\/p>\n","protected":false},"excerpt":{"rendered":"<p>Por Santa Fe resultaron seleccionadas siete iniciativas. El certamen fomenta la innovaci\u00f3n y premia a quienes se atreven a inventar, dise\u00f1ar y desarrollar productos y servicios a nivel federal. La secretaria de Ciencia, Tecnolog\u00eda e Innovaci\u00f3n de Santa Fe, Marina Baima, particip\u00f3 este s\u00e1bado de la ceremonia de entrega de premios de la 18\u00b0 edici\u00f3n <a href=\"https:\/\/armstrongyregion.com.ar\/diario\/la-provincia-participo-de-la-jornada-de-premiacion-de-la-18-edicion-del-concurso-innovar\/\" title=\"Read more\" >&#8230;<\/a><\/p>\n","protected":false},"author":1,"featured_media":40423,"comment_status":"open","ping_status":"open","sticky":false,"template":"","format":"image","meta":{"_jetpack_memberships_contains_paid_content":false,"footnotes":"","jetpack_publicize_message":"","jetpack_publicize_feature_enabled":true,"jetpack_social_post_already_shared":true,"jetpack_social_options":{"image_generator_settings":{"template":"highway","default_image_id":0,"enabled":false},"version":2}},"categories":[6,8,1,2,7,3],"tags":[9856,5016,9857],"class_list":["post-40422","post","type-post","status-publish","format-image","has-post-thumbnail","hentry","category-cultura-entretenimiento","category-deliberando","category-diario-armstrong","category-locales","category-politica","category-region","tag-18-concurso","tag-armstrong-y-region","tag-innovar","post_format-post-format-image"],"jetpack_publicize_connections":[],"jetpack_featured_media_url":"https:\/\/armstrongyregion.com.ar\/diario\/wp-content\/uploads\/2023\/10\/innovar-3-10-23-.jpg","jetpack_shortlink":"https:\/\/wp.me\/p62QDO-avY","jetpack_sharing_enabled":true,"amp_enabled":true,"_links":{"self":[{"href":"https:\/\/armstrongyregion.com.ar\/diario\/wp-json\/wp\/v2\/posts\/40422","targetHints":{"allow":["GET"]}}],"collection":[{"href":"https:\/\/armstrongyregion.com.ar\/diario\/wp-json\/wp\/v2\/posts"}],"about":[{"href":"https:\/\/armstrongyregion.com.ar\/diario\/wp-json\/wp\/v2\/types\/post"}],"author":[{"embeddable":true,"href":"https:\/\/armstrongyregion.com.ar\/diario\/wp-json\/wp\/v2\/users\/1"}],"replies":[{"embeddable":true,"href":"https:\/\/armstrongyregion.com.ar\/diario\/wp-json\/wp\/v2\/comments?post=40422"}],"version-history":[{"count":1,"href":"https:\/\/armstrongyregion.com.ar\/diario\/wp-json\/wp\/v2\/posts\/40422\/revisions"}],"predecessor-version":[{"id":40424,"href":"https:\/\/armstrongyregion.com.ar\/diario\/wp-json\/wp\/v2\/posts\/40422\/revisions\/40424"}],"wp:featuredmedia":[{"embeddable":true,"href":"https:\/\/armstrongyregion.com.ar\/diario\/wp-json\/wp\/v2\/media\/40423"}],"wp:attachment":[{"href":"https:\/\/armstrongyregion.com.ar\/diario\/wp-json\/wp\/v2\/media?parent=40422"}],"wp:term":[{"taxonomy":"category","embeddable":true,"href":"https:\/\/armstrongyregion.com.ar\/diario\/wp-json\/wp\/v2\/categories?post=40422"},{"taxonomy":"post_tag","embeddable":true,"href":"https:\/\/armstrongyregion.com.ar\/diario\/wp-json\/wp\/v2\/tags?post=40422"}],"curies":[{"name":"wp","href":"https:\/\/api.w.org\/{rel}","templated":true}]}}