{"id":40414,"date":"2023-10-03T22:42:22","date_gmt":"2023-10-03T22:42:22","guid":{"rendered":"https:\/\/armstrongyregion.com.ar\/diario\/?p=40414"},"modified":"2023-10-03T22:42:24","modified_gmt":"2023-10-03T22:42:24","slug":"en-las-rosas-javier-meyer-de-unidad-rosense-fue-reelecto-por-tercer-periodo-consecutivo-y-emiliano-gramigna-renovo-su-banca-en-el-concejo-de-nuestra-ciudad","status":"publish","type":"post","link":"https:\/\/armstrongyregion.com.ar\/diario\/en-las-rosas-javier-meyer-de-unidad-rosense-fue-reelecto-por-tercer-periodo-consecutivo-y-emiliano-gramigna-renovo-su-banca-en-el-concejo-de-nuestra-ciudad\/","title":{"rendered":"En Las Rosas, Javier Meyer de Unidad Rosense, fue reelecto por tercer periodo consecutivo y Emiliano Gramigna renov\u00f3 su banca en el concejo de nuestra ciudad."},"content":{"rendered":"\n<figure class=\"wp-block-image size-full\"><a href=\"http:\/\/armstrongyregion.com.ar\/diario\/wp-content\/uploads\/2023\/10\/Javier-Meyer-3-10-23-.jpg\"><img loading=\"lazy\" decoding=\"async\" width=\"337\" height=\"282\" src=\"http:\/\/armstrongyregion.com.ar\/diario\/wp-content\/uploads\/2023\/10\/Javier-Meyer-3-10-23-.jpg\" alt=\"\" class=\"wp-image-40415\" srcset=\"https:\/\/armstrongyregion.com.ar\/diario\/wp-content\/uploads\/2023\/10\/Javier-Meyer-3-10-23-.jpg 337w, https:\/\/armstrongyregion.com.ar\/diario\/wp-content\/uploads\/2023\/10\/Javier-Meyer-3-10-23--300x251.jpg 300w\" sizes=\"auto, (max-width: 337px) 100vw, 337px\" \/><\/a><\/figure>\n\n\n\n<p>El  jefe pol\u00edtico de Las Rosas, no solo logr\u00f3 su relecci\u00f3n a la intendencia, sino que los comicios le otorgaron el ingreso de dos concejales, Gustavo Invernizzi y Valentina Vallejos.<\/p>\n\n\n\n<p>Meyer consider\u00f3 que se debe al trabajo que est\u00e1 realizando en la ciudad de Las Rosas y el mejoramiento que se le fue dando a la ciudad en lo que hace a obras publicas y sevicios en\u00a0 general.<\/p>\n\n\n\n<figure class=\"wp-block-image size-full\"><a href=\"http:\/\/armstrongyregion.com.ar\/diario\/wp-content\/uploads\/2023\/10\/Emiliano-Gramigna-3-10-23-.jpg\"><img loading=\"lazy\" decoding=\"async\" width=\"348\" height=\"275\" src=\"http:\/\/armstrongyregion.com.ar\/diario\/wp-content\/uploads\/2023\/10\/Emiliano-Gramigna-3-10-23-.jpg\" alt=\"\" class=\"wp-image-40416\" srcset=\"https:\/\/armstrongyregion.com.ar\/diario\/wp-content\/uploads\/2023\/10\/Emiliano-Gramigna-3-10-23-.jpg 348w, https:\/\/armstrongyregion.com.ar\/diario\/wp-content\/uploads\/2023\/10\/Emiliano-Gramigna-3-10-23--300x237.jpg 300w\" sizes=\"auto, (max-width: 348px) 100vw, 348px\" \/><\/a><\/figure>\n\n\n\n<p>Tambi\u00e9n nos visitar\u00e1 el reelecto concejal de Renovaci\u00f3n por Armstrong, Emiliano Gramigna, quien har\u00e1 un repaso de su trabajo en estos a\u00f1os y hablar\u00e1 de los ejes que desarrollar\u00e1 en el nuevo periodo.<\/p>\n\n\n\n<p>Todo este martes en DELIBERANDO, con la conducci\u00f3n de la licenciada Graciela de la Casa y Oscar Crispino. Martes 21hs. Por Cable Imagen Armstrong.<\/p>\n","protected":false},"excerpt":{"rendered":"<p>El jefe pol\u00edtico de Las Rosas, no solo logr\u00f3 su relecci\u00f3n a la intendencia, sino que los comicios le otorgaron el ingreso de dos concejales, Gustavo Invernizzi y Valentina Vallejos. Meyer consider\u00f3 que se debe al trabajo que est\u00e1 realizando en la ciudad de Las Rosas y el mejoramiento que se le fue dando a <a href=\"https:\/\/armstrongyregion.com.ar\/diario\/en-las-rosas-javier-meyer-de-unidad-rosense-fue-reelecto-por-tercer-periodo-consecutivo-y-emiliano-gramigna-renovo-su-banca-en-el-concejo-de-nuestra-ciudad\/\" title=\"Read more\" >&#8230;<\/a><\/p>\n","protected":false},"author":1,"featured_media":40415,"comment_status":"open","ping_status":"open","sticky":false,"template":"","format":"image","meta":{"_jetpack_memberships_contains_paid_content":false,"footnotes":"","jetpack_publicize_message":"","jetpack_publicize_feature_enabled":true,"jetpack_social_post_already_shared":true,"jetpack_social_options":{"image_generator_settings":{"template":"highway","default_image_id":0,"enabled":false},"version":2}},"categories":[8,1,2,7,3],"tags":[20,44,9423,9346],"class_list":["post-40414","post","type-post","status-publish","format-image","has-post-thumbnail","hentry","category-deliberando","category-diario-armstrong","category-locales","category-politica","category-region","tag-armstrong","tag-deliberando-2","tag-emiliano-gramigna","tag-graciela-de-la-casa","post_format-post-format-image"],"jetpack_publicize_connections":[],"jetpack_featured_media_url":"https:\/\/armstrongyregion.com.ar\/diario\/wp-content\/uploads\/2023\/10\/Javier-Meyer-3-10-23-.jpg","jetpack_shortlink":"https:\/\/wp.me\/p62QDO-avQ","jetpack_sharing_enabled":true,"amp_enabled":true,"_links":{"self":[{"href":"https:\/\/armstrongyregion.com.ar\/diario\/wp-json\/wp\/v2\/posts\/40414","targetHints":{"allow":["GET"]}}],"collection":[{"href":"https:\/\/armstrongyregion.com.ar\/diario\/wp-json\/wp\/v2\/posts"}],"about":[{"href":"https:\/\/armstrongyregion.com.ar\/diario\/wp-json\/wp\/v2\/types\/post"}],"author":[{"embeddable":true,"href":"https:\/\/armstrongyregion.com.ar\/diario\/wp-json\/wp\/v2\/users\/1"}],"replies":[{"embeddable":true,"href":"https:\/\/armstrongyregion.com.ar\/diario\/wp-json\/wp\/v2\/comments?post=40414"}],"version-history":[{"count":1,"href":"https:\/\/armstrongyregion.com.ar\/diario\/wp-json\/wp\/v2\/posts\/40414\/revisions"}],"predecessor-version":[{"id":40417,"href":"https:\/\/armstrongyregion.com.ar\/diario\/wp-json\/wp\/v2\/posts\/40414\/revisions\/40417"}],"wp:featuredmedia":[{"embeddable":true,"href":"https:\/\/armstrongyregion.com.ar\/diario\/wp-json\/wp\/v2\/media\/40415"}],"wp:attachment":[{"href":"https:\/\/armstrongyregion.com.ar\/diario\/wp-json\/wp\/v2\/media?parent=40414"}],"wp:term":[{"taxonomy":"category","embeddable":true,"href":"https:\/\/armstrongyregion.com.ar\/diario\/wp-json\/wp\/v2\/categories?post=40414"},{"taxonomy":"post_tag","embeddable":true,"href":"https:\/\/armstrongyregion.com.ar\/diario\/wp-json\/wp\/v2\/tags?post=40414"}],"curies":[{"name":"wp","href":"https:\/\/api.w.org\/{rel}","templated":true}]}}