{"id":40407,"date":"2023-10-03T01:54:39","date_gmt":"2023-10-03T01:54:39","guid":{"rendered":"https:\/\/armstrongyregion.com.ar\/diario\/?p=40407"},"modified":"2023-10-03T01:54:42","modified_gmt":"2023-10-03T01:54:42","slug":"alumnos-de-escuelas-secundarias-participaron-de-actividad-por-la-semana-de-la-ciencia","status":"publish","type":"post","link":"https:\/\/armstrongyregion.com.ar\/diario\/alumnos-de-escuelas-secundarias-participaron-de-actividad-por-la-semana-de-la-ciencia\/","title":{"rendered":"Alumnos de Escuelas Secundarias participaron de actividad por la semana de la ciencia."},"content":{"rendered":"\n<figure class=\"wp-block-image size-full\"><a href=\"http:\/\/armstrongyregion.com.ar\/diario\/wp-content\/uploads\/2023\/10\/Clerici-Ciencia-.jpg\"><img loading=\"lazy\" decoding=\"async\" width=\"400\" height=\"300\" src=\"http:\/\/armstrongyregion.com.ar\/diario\/wp-content\/uploads\/2023\/10\/Clerici-Ciencia-.jpg\" alt=\"\" class=\"wp-image-40408\" srcset=\"https:\/\/armstrongyregion.com.ar\/diario\/wp-content\/uploads\/2023\/10\/Clerici-Ciencia-.jpg 400w, https:\/\/armstrongyregion.com.ar\/diario\/wp-content\/uploads\/2023\/10\/Clerici-Ciencia--300x225.jpg 300w\" sizes=\"auto, (max-width: 400px) 100vw, 400px\" \/><\/a><\/figure>\n\n\n\n<p>En el marco de la Semana Argentina de la Ciencia 2023, investigadores de Conicet Rosario participaron de una jornada con alumnos de escuelas secundarias, en Casa del Bicentenario como parte del trabajo del Municipio a trav\u00e9s del Polo Tecnol\u00f3gico.<\/p>\n\n\n\n<p>La intendenta Stella Cl\u00e9rici recibi\u00f3 a la directora de Conicet Rosario, Sandra Fern\u00e1ndez, con el objetivo de llevar adelante esta actividad que propuso un acercamiento entre la comunidad cient\u00edfica y los alumnos, para la popularizaci\u00f3n de la ciencia, la tecnolog\u00eda y la innovaci\u00f3n.&nbsp;\u201cLa idea es despertar la vocaci\u00f3n cient\u00edfica entre los alumnos, en nuestra ciudad a partir del trabajo&nbsp;desde&nbsp;el Polo Tecnol\u00f3gico y lo que ser\u00e1 el nuevo Museo Interactivo de Ciencias\u201d, expres\u00f3 Cl\u00e9rici.&nbsp;<\/p>\n","protected":false},"excerpt":{"rendered":"<p>En el marco de la Semana Argentina de la Ciencia 2023, investigadores de Conicet Rosario participaron de una jornada con alumnos de escuelas secundarias, en Casa del Bicentenario como parte del trabajo del Municipio a trav\u00e9s del Polo Tecnol\u00f3gico. La intendenta Stella Cl\u00e9rici recibi\u00f3 a la directora de Conicet Rosario, Sandra Fern\u00e1ndez, con el objetivo <a href=\"https:\/\/armstrongyregion.com.ar\/diario\/alumnos-de-escuelas-secundarias-participaron-de-actividad-por-la-semana-de-la-ciencia\/\" title=\"Read more\" >&#8230;<\/a><\/p>\n","protected":false},"author":1,"featured_media":40408,"comment_status":"open","ping_status":"open","sticky":false,"template":"","format":"image","meta":{"_jetpack_memberships_contains_paid_content":false,"footnotes":"","jetpack_publicize_message":"","jetpack_publicize_feature_enabled":true,"jetpack_social_post_already_shared":true,"jetpack_social_options":{"image_generator_settings":{"template":"highway","default_image_id":0,"enabled":false},"version":2}},"categories":[6,8,1,7,3],"tags":[170,9850,2391,19,8964,66,60,9851,919],"class_list":["post-40407","post","type-post","status-publish","format-image","has-post-thumbnail","hentry","category-cultura-entretenimiento","category-deliberando","category-diario-armstrong","category-politica","category-region","tag-actividad","tag-alumnios","tag-ciencia","tag-de","tag-escuelas-2","tag-participaron","tag-por","tag-secundarias","tag-semana","post_format-post-format-image"],"jetpack_publicize_connections":[],"jetpack_featured_media_url":"https:\/\/armstrongyregion.com.ar\/diario\/wp-content\/uploads\/2023\/10\/Clerici-Ciencia-.jpg","jetpack_shortlink":"https:\/\/wp.me\/p62QDO-avJ","jetpack_sharing_enabled":true,"amp_enabled":true,"_links":{"self":[{"href":"https:\/\/armstrongyregion.com.ar\/diario\/wp-json\/wp\/v2\/posts\/40407","targetHints":{"allow":["GET"]}}],"collection":[{"href":"https:\/\/armstrongyregion.com.ar\/diario\/wp-json\/wp\/v2\/posts"}],"about":[{"href":"https:\/\/armstrongyregion.com.ar\/diario\/wp-json\/wp\/v2\/types\/post"}],"author":[{"embeddable":true,"href":"https:\/\/armstrongyregion.com.ar\/diario\/wp-json\/wp\/v2\/users\/1"}],"replies":[{"embeddable":true,"href":"https:\/\/armstrongyregion.com.ar\/diario\/wp-json\/wp\/v2\/comments?post=40407"}],"version-history":[{"count":1,"href":"https:\/\/armstrongyregion.com.ar\/diario\/wp-json\/wp\/v2\/posts\/40407\/revisions"}],"predecessor-version":[{"id":40409,"href":"https:\/\/armstrongyregion.com.ar\/diario\/wp-json\/wp\/v2\/posts\/40407\/revisions\/40409"}],"wp:featuredmedia":[{"embeddable":true,"href":"https:\/\/armstrongyregion.com.ar\/diario\/wp-json\/wp\/v2\/media\/40408"}],"wp:attachment":[{"href":"https:\/\/armstrongyregion.com.ar\/diario\/wp-json\/wp\/v2\/media?parent=40407"}],"wp:term":[{"taxonomy":"category","embeddable":true,"href":"https:\/\/armstrongyregion.com.ar\/diario\/wp-json\/wp\/v2\/categories?post=40407"},{"taxonomy":"post_tag","embeddable":true,"href":"https:\/\/armstrongyregion.com.ar\/diario\/wp-json\/wp\/v2\/tags?post=40407"}],"curies":[{"name":"wp","href":"https:\/\/api.w.org\/{rel}","templated":true}]}}