{"id":40394,"date":"2023-10-03T01:37:03","date_gmt":"2023-10-03T01:37:03","guid":{"rendered":"https:\/\/armstrongyregion.com.ar\/diario\/?p=40394"},"modified":"2023-10-03T01:37:05","modified_gmt":"2023-10-03T01:37:05","slug":"clerici-junto-al-ministro-de-transporte-anunciaron-nuevas-frecuencias-del-tren-canada-rosario","status":"publish","type":"post","link":"https:\/\/armstrongyregion.com.ar\/diario\/clerici-junto-al-ministro-de-transporte-anunciaron-nuevas-frecuencias-del-tren-canada-rosario\/","title":{"rendered":"Cl\u00e9rici junto al Ministro de Transporte anunciaron nuevas frecuencias del tren Ca\u00f1ada-Rosario."},"content":{"rendered":"\n<figure class=\"wp-block-image size-full\"><a href=\"http:\/\/armstrongyregion.com.ar\/diario\/wp-content\/uploads\/2023\/10\/tren-canada-rosario-.jpg\"><img loading=\"lazy\" decoding=\"async\" width=\"400\" height=\"300\" src=\"http:\/\/armstrongyregion.com.ar\/diario\/wp-content\/uploads\/2023\/10\/tren-canada-rosario-.jpg\" alt=\"\" class=\"wp-image-40395\" srcset=\"https:\/\/armstrongyregion.com.ar\/diario\/wp-content\/uploads\/2023\/10\/tren-canada-rosario-.jpg 400w, https:\/\/armstrongyregion.com.ar\/diario\/wp-content\/uploads\/2023\/10\/tren-canada-rosario--300x225.jpg 300w\" sizes=\"auto, (max-width: 400px) 100vw, 400px\" \/><\/a><\/figure>\n\n\n\n<p>La intendenta Stella Cl\u00e9rici recibi\u00f3 el pasado viernes al ministro de Transporte de Naci\u00f3n, Diego Giuliano, para anunciar el inicio desde hoy de nuevas frecuencias del tren de pasajeros que une nuestra ciudad con Rosario.<\/p>\n\n\n\n<p>\u201cMuy contentos de poder hacer este anuncio junto al ministro Guiliano y representantes de instituciones educativas de la ciudad. De esta manera, se logra un importante beneficio a los pasajeros, entre ellos quienes vienen a estudiar al Terciario y Profesorado\u201d, expres\u00f3 Cl\u00e9rici.&nbsp;Con la ampliaci\u00f3n de los servicios, ahora quienes viajen de lunes a viernes, desde Ca\u00f1ada de G\u00f3mez hacia Rosario Norte, tambi\u00e9n podr\u00e1n hacerlo a las 17:20. Para el trayecto inverso, se podr\u00e1 salir desde Rosario Norte a Ca\u00f1ada de G\u00f3mez a las 2:30 y 14:30. En tanto los s\u00e1bados desde Rosario Norte hacia Ca\u00f1ada, a las 2:30.<\/p>\n\n\n\n<p>Al respecto, el ministro Giuliano expres\u00f3: \u201cCon estos nuevos servicios que ponemos en marcha se abren muchas m\u00e1s posibilidades de conexi\u00f3n para ir y volver en el d\u00eda mucho m\u00e1s r\u00e1pido y recuperar lo m\u00e1s valioso que tenemos, que es el tiempo, porque estamos ampliando un servicio que cada vez m\u00e1s personas usan. Lo prometimos hace un a\u00f1o, cuando pusimos en marcha este tren, y hoy estamos cumpliendo\u201d.<\/p>\n\n\n\n<p>La grilla completa de horarios y tarifas puede consultarse en:&nbsp;<a href=\"https:\/\/www.argentina.gob.ar\/sites\/default\/files\/rosario_-_canada_de_gomez_2023-10-02_-_web.pdf\" target=\"_blank\" rel=\"noreferrer noopener\">https:\/\/www.argentina.gob.ar\/sites\/default\/files\/rosario_-_canada_de_gomez_2023-10-02_-_web.pdf<\/a>.<\/p>\n","protected":false},"excerpt":{"rendered":"<p>La intendenta Stella Cl\u00e9rici recibi\u00f3 el pasado viernes al ministro de Transporte de Naci\u00f3n, Diego Giuliano, para anunciar el inicio desde hoy de nuevas frecuencias del tren de pasajeros que une nuestra ciudad con Rosario. \u201cMuy contentos de poder hacer este anuncio junto al ministro Guiliano y representantes de instituciones educativas de la ciudad. De <a href=\"https:\/\/armstrongyregion.com.ar\/diario\/clerici-junto-al-ministro-de-transporte-anunciaron-nuevas-frecuencias-del-tren-canada-rosario\/\" title=\"Read more\" >&#8230;<\/a><\/p>\n","protected":false},"author":1,"featured_media":40395,"comment_status":"open","ping_status":"open","sticky":false,"template":"","format":"image","meta":{"_jetpack_memberships_contains_paid_content":false,"footnotes":"","jetpack_publicize_message":"","jetpack_publicize_feature_enabled":true,"jetpack_social_post_already_shared":true,"jetpack_social_options":{"image_generator_settings":{"template":"highway","default_image_id":0,"enabled":false},"version":2}},"categories":[8,1,7,3],"tags":[179,83,19,290,1189,1090],"class_list":["post-40394","post","type-post","status-publish","format-image","has-post-thumbnail","hentry","category-deliberando","category-diario-armstrong","category-politica","category-region","tag-al","tag-clerici","tag-de","tag-junto","tag-ministro","tag-transporte","post_format-post-format-image"],"jetpack_publicize_connections":[],"jetpack_featured_media_url":"https:\/\/armstrongyregion.com.ar\/diario\/wp-content\/uploads\/2023\/10\/tren-canada-rosario-.jpg","jetpack_shortlink":"https:\/\/wp.me\/p62QDO-avw","jetpack_sharing_enabled":true,"amp_enabled":true,"_links":{"self":[{"href":"https:\/\/armstrongyregion.com.ar\/diario\/wp-json\/wp\/v2\/posts\/40394","targetHints":{"allow":["GET"]}}],"collection":[{"href":"https:\/\/armstrongyregion.com.ar\/diario\/wp-json\/wp\/v2\/posts"}],"about":[{"href":"https:\/\/armstrongyregion.com.ar\/diario\/wp-json\/wp\/v2\/types\/post"}],"author":[{"embeddable":true,"href":"https:\/\/armstrongyregion.com.ar\/diario\/wp-json\/wp\/v2\/users\/1"}],"replies":[{"embeddable":true,"href":"https:\/\/armstrongyregion.com.ar\/diario\/wp-json\/wp\/v2\/comments?post=40394"}],"version-history":[{"count":1,"href":"https:\/\/armstrongyregion.com.ar\/diario\/wp-json\/wp\/v2\/posts\/40394\/revisions"}],"predecessor-version":[{"id":40396,"href":"https:\/\/armstrongyregion.com.ar\/diario\/wp-json\/wp\/v2\/posts\/40394\/revisions\/40396"}],"wp:featuredmedia":[{"embeddable":true,"href":"https:\/\/armstrongyregion.com.ar\/diario\/wp-json\/wp\/v2\/media\/40395"}],"wp:attachment":[{"href":"https:\/\/armstrongyregion.com.ar\/diario\/wp-json\/wp\/v2\/media?parent=40394"}],"wp:term":[{"taxonomy":"category","embeddable":true,"href":"https:\/\/armstrongyregion.com.ar\/diario\/wp-json\/wp\/v2\/categories?post=40394"},{"taxonomy":"post_tag","embeddable":true,"href":"https:\/\/armstrongyregion.com.ar\/diario\/wp-json\/wp\/v2\/tags?post=40394"}],"curies":[{"name":"wp","href":"https:\/\/api.w.org\/{rel}","templated":true}]}}