{"id":4039,"date":"2015-09-13T23:16:28","date_gmt":"2015-09-13T23:16:28","guid":{"rendered":"https:\/\/armstrongyregion.com.ar\/diario\/?p=4039"},"modified":"2015-09-13T23:16:28","modified_gmt":"2015-09-13T23:16:28","slug":"se-busca-paradero-de-ayelen-mezzelani-de-canada-de-gomez","status":"publish","type":"post","link":"https:\/\/armstrongyregion.com.ar\/diario\/se-busca-paradero-de-ayelen-mezzelani-de-canada-de-gomez\/","title":{"rendered":"Se busca paradero de Ayelen Mezzelani de Ca\u00f1ada de G\u00f3mez."},"content":{"rendered":"<p><a href=\"http:\/\/armstrongyregion.com.ar\/diario\/wp-content\/uploads\/2015\/09\/Ayelen-Mezzelani.jpg\"><img loading=\"lazy\" decoding=\"async\" class=\"alignnone size-medium wp-image-4040\" src=\"http:\/\/armstrongyregion.com.ar\/diario\/wp-content\/uploads\/2015\/09\/Ayelen-Mezzelani-300x300.jpg\" alt=\"Ayelen Mezzelani\" width=\"300\" height=\"300\" srcset=\"https:\/\/armstrongyregion.com.ar\/diario\/wp-content\/uploads\/2015\/09\/Ayelen-Mezzelani-300x300.jpg 300w, https:\/\/armstrongyregion.com.ar\/diario\/wp-content\/uploads\/2015\/09\/Ayelen-Mezzelani-150x150.jpg 150w, https:\/\/armstrongyregion.com.ar\/diario\/wp-content\/uploads\/2015\/09\/Ayelen-Mezzelani.jpg 900w\" sizes=\"auto, (max-width: 300px) 100vw, 300px\" \/><\/a>Se solicita colaboraci\u00f3n en la b\u00fasqueda de la llamada AYELEN MEZZELANI de 16 a\u00f1os de edad quien fue vista por ultima vez en la madrugada de hoy en inmediaciones del local bailable \u00abCubana\u00bb de la ciudad de Ca\u00f1ada de G\u00f3mez. La misma tenia vestido floreado y botas negras, mide 1,68 cutis blanco, cabello largo casta\u00f1o. Cualquier novedad comunicarla a los tel\u00e9fonos de la URX 422045 &#8211; 101<\/p>\n","protected":false},"excerpt":{"rendered":"<p>Se solicita colaboraci\u00f3n en la b\u00fasqueda de la llamada AYELEN MEZZELANI de 16 a\u00f1os de edad quien fue vista por ultima vez en la madrugada de hoy en inmediaciones del local bailable \u00abCubana\u00bb de la ciudad de Ca\u00f1ada de G\u00f3mez. La misma tenia vestido floreado y botas negras, mide 1,68 cutis blanco, cabello largo casta\u00f1o. <a href=\"https:\/\/armstrongyregion.com.ar\/diario\/se-busca-paradero-de-ayelen-mezzelani-de-canada-de-gomez\/\" title=\"Read more\" >&#8230;<\/a><\/p>\n","protected":false},"author":2,"featured_media":4040,"comment_status":"open","ping_status":"open","sticky":false,"template":"","format":"standard","meta":{"_jetpack_memberships_contains_paid_content":false,"footnotes":"","jetpack_publicize_message":"","jetpack_publicize_feature_enabled":true,"jetpack_social_post_already_shared":false,"jetpack_social_options":{"image_generator_settings":{"template":"highway","default_image_id":0,"enabled":false},"version":2}},"categories":[1,2,3],"tags":[2730,548,163,19,164,2731,359,86],"class_list":["post-4039","post","type-post","status-publish","format-standard","has-post-thumbnail","hentry","category-diario-armstrong","category-locales","category-region","tag-ayelen","tag-busca","tag-canada","tag-de","tag-gomez","tag-mezzelani","tag-paradero","tag-se"],"jetpack_publicize_connections":[],"jetpack_featured_media_url":"https:\/\/armstrongyregion.com.ar\/diario\/wp-content\/uploads\/2015\/09\/Ayelen-Mezzelani.jpg","jetpack_shortlink":"https:\/\/wp.me\/p62QDO-139","jetpack_sharing_enabled":true,"amp_enabled":true,"_links":{"self":[{"href":"https:\/\/armstrongyregion.com.ar\/diario\/wp-json\/wp\/v2\/posts\/4039","targetHints":{"allow":["GET"]}}],"collection":[{"href":"https:\/\/armstrongyregion.com.ar\/diario\/wp-json\/wp\/v2\/posts"}],"about":[{"href":"https:\/\/armstrongyregion.com.ar\/diario\/wp-json\/wp\/v2\/types\/post"}],"author":[{"embeddable":true,"href":"https:\/\/armstrongyregion.com.ar\/diario\/wp-json\/wp\/v2\/users\/2"}],"replies":[{"embeddable":true,"href":"https:\/\/armstrongyregion.com.ar\/diario\/wp-json\/wp\/v2\/comments?post=4039"}],"version-history":[{"count":0,"href":"https:\/\/armstrongyregion.com.ar\/diario\/wp-json\/wp\/v2\/posts\/4039\/revisions"}],"wp:featuredmedia":[{"embeddable":true,"href":"https:\/\/armstrongyregion.com.ar\/diario\/wp-json\/wp\/v2\/media\/4040"}],"wp:attachment":[{"href":"https:\/\/armstrongyregion.com.ar\/diario\/wp-json\/wp\/v2\/media?parent=4039"}],"wp:term":[{"taxonomy":"category","embeddable":true,"href":"https:\/\/armstrongyregion.com.ar\/diario\/wp-json\/wp\/v2\/categories?post=4039"},{"taxonomy":"post_tag","embeddable":true,"href":"https:\/\/armstrongyregion.com.ar\/diario\/wp-json\/wp\/v2\/tags?post=4039"}],"curies":[{"name":"wp","href":"https:\/\/api.w.org\/{rel}","templated":true}]}}