{"id":40380,"date":"2023-10-02T01:39:46","date_gmt":"2023-10-02T01:39:46","guid":{"rendered":"https:\/\/armstrongyregion.com.ar\/diario\/?p=40380"},"modified":"2023-10-02T01:39:48","modified_gmt":"2023-10-02T01:39:48","slug":"armstrong-capacitacion-sobre-costos","status":"publish","type":"post","link":"https:\/\/armstrongyregion.com.ar\/diario\/armstrong-capacitacion-sobre-costos\/","title":{"rendered":"Armstrong. Capacitaci\u00f3n sobre costos."},"content":{"rendered":"\n<figure class=\"wp-block-image size-full\"><a href=\"http:\/\/armstrongyregion.com.ar\/diario\/wp-content\/uploads\/2023\/10\/capacitacion-costos-2023-2.jpg\"><img loading=\"lazy\" decoding=\"async\" width=\"399\" height=\"399\" src=\"http:\/\/armstrongyregion.com.ar\/diario\/wp-content\/uploads\/2023\/10\/capacitacion-costos-2023-2.jpg\" alt=\"\" class=\"wp-image-40381\" srcset=\"https:\/\/armstrongyregion.com.ar\/diario\/wp-content\/uploads\/2023\/10\/capacitacion-costos-2023-2.jpg 399w, https:\/\/armstrongyregion.com.ar\/diario\/wp-content\/uploads\/2023\/10\/capacitacion-costos-2023-2-300x300.jpg 300w, https:\/\/armstrongyregion.com.ar\/diario\/wp-content\/uploads\/2023\/10\/capacitacion-costos-2023-2-150x150.jpg 150w\" sizes=\"auto, (max-width: 399px) 100vw, 399px\" \/><\/a><\/figure>\n\n\n\n<p>Municipalidad de Armstrong informa que se realizar\u00e1 una capacitaci\u00f3n gratuita referente a costos<br>el d\u00eda martes 3 de octubre a las 19:30 hs. en el sal\u00f3n auditorio Delmo Dar\u00f3, sin tener que<br>inscribirse previamente.<\/p>\n\n\n\n<figure class=\"wp-block-image size-full\"><a href=\"http:\/\/armstrongyregion.com.ar\/diario\/wp-content\/uploads\/2023\/10\/capacitacion-costos-2023-ST.jpg\"><img loading=\"lazy\" decoding=\"async\" width=\"237\" height=\"421\" src=\"http:\/\/armstrongyregion.com.ar\/diario\/wp-content\/uploads\/2023\/10\/capacitacion-costos-2023-ST.jpg\" alt=\"\" class=\"wp-image-40382\" srcset=\"https:\/\/armstrongyregion.com.ar\/diario\/wp-content\/uploads\/2023\/10\/capacitacion-costos-2023-ST.jpg 237w, https:\/\/armstrongyregion.com.ar\/diario\/wp-content\/uploads\/2023\/10\/capacitacion-costos-2023-ST-169x300.jpg 169w\" sizes=\"auto, (max-width: 237px) 100vw, 237px\" \/><\/a><\/figure>\n\n\n\n<p><br>La capacitadora ser\u00e1 la profesional Florencia Robatti y la propuesta est\u00e1 dirigida a peque\u00f1os<br>emprendedores sean o no de la econom\u00eda social, comerciantes y p\u00fablico en general.<br>Se solicita llevar consigo papel y l\u00e1piz para tomar apuntes.<\/p>\n","protected":false},"excerpt":{"rendered":"<p>Municipalidad de Armstrong informa que se realizar\u00e1 una capacitaci\u00f3n gratuita referente a costosel d\u00eda martes 3 de octubre a las 19:30 hs. en el sal\u00f3n auditorio Delmo Dar\u00f3, sin tener queinscribirse previamente. La capacitadora ser\u00e1 la profesional Florencia Robatti y la propuesta est\u00e1 dirigida a peque\u00f1osemprendedores sean o no de la econom\u00eda social, comerciantes y <a href=\"https:\/\/armstrongyregion.com.ar\/diario\/armstrong-capacitacion-sobre-costos\/\" title=\"Read more\" >&#8230;<\/a><\/p>\n","protected":false},"author":1,"featured_media":40381,"comment_status":"open","ping_status":"open","sticky":false,"template":"","format":"image","meta":{"_jetpack_memberships_contains_paid_content":false,"footnotes":"","jetpack_publicize_message":"","jetpack_publicize_feature_enabled":true,"jetpack_social_post_already_shared":true,"jetpack_social_options":{"image_generator_settings":{"template":"highway","default_image_id":0,"enabled":false},"version":2}},"categories":[8,1,2,7,3],"tags":[20,1292,9845,118],"class_list":["post-40380","post","type-post","status-publish","format-image","has-post-thumbnail","hentry","category-deliberando","category-diario-armstrong","category-locales","category-politica","category-region","tag-armstrong","tag-capacitacion","tag-costos","tag-sobre","post_format-post-format-image"],"jetpack_publicize_connections":[],"jetpack_featured_media_url":"https:\/\/armstrongyregion.com.ar\/diario\/wp-content\/uploads\/2023\/10\/capacitacion-costos-2023-2.jpg","jetpack_shortlink":"https:\/\/wp.me\/p62QDO-avi","jetpack_sharing_enabled":true,"amp_enabled":true,"_links":{"self":[{"href":"https:\/\/armstrongyregion.com.ar\/diario\/wp-json\/wp\/v2\/posts\/40380","targetHints":{"allow":["GET"]}}],"collection":[{"href":"https:\/\/armstrongyregion.com.ar\/diario\/wp-json\/wp\/v2\/posts"}],"about":[{"href":"https:\/\/armstrongyregion.com.ar\/diario\/wp-json\/wp\/v2\/types\/post"}],"author":[{"embeddable":true,"href":"https:\/\/armstrongyregion.com.ar\/diario\/wp-json\/wp\/v2\/users\/1"}],"replies":[{"embeddable":true,"href":"https:\/\/armstrongyregion.com.ar\/diario\/wp-json\/wp\/v2\/comments?post=40380"}],"version-history":[{"count":1,"href":"https:\/\/armstrongyregion.com.ar\/diario\/wp-json\/wp\/v2\/posts\/40380\/revisions"}],"predecessor-version":[{"id":40383,"href":"https:\/\/armstrongyregion.com.ar\/diario\/wp-json\/wp\/v2\/posts\/40380\/revisions\/40383"}],"wp:featuredmedia":[{"embeddable":true,"href":"https:\/\/armstrongyregion.com.ar\/diario\/wp-json\/wp\/v2\/media\/40381"}],"wp:attachment":[{"href":"https:\/\/armstrongyregion.com.ar\/diario\/wp-json\/wp\/v2\/media?parent=40380"}],"wp:term":[{"taxonomy":"category","embeddable":true,"href":"https:\/\/armstrongyregion.com.ar\/diario\/wp-json\/wp\/v2\/categories?post=40380"},{"taxonomy":"post_tag","embeddable":true,"href":"https:\/\/armstrongyregion.com.ar\/diario\/wp-json\/wp\/v2\/tags?post=40380"}],"curies":[{"name":"wp","href":"https:\/\/api.w.org\/{rel}","templated":true}]}}