{"id":40347,"date":"2023-09-29T02:05:26","date_gmt":"2023-09-29T02:05:26","guid":{"rendered":"https:\/\/armstrongyregion.com.ar\/diario\/?p=40347"},"modified":"2023-09-29T03:48:42","modified_gmt":"2023-09-29T03:48:42","slug":"luz-fischer-solicitamos-la-bicisenda-que-dirige-al-polideportivo-norte-para-que-los-peatones-y-ciclistas-cuenten-con-una-via-rapida-y-segura","status":"publish","type":"post","link":"https:\/\/armstrongyregion.com.ar\/diario\/luz-fischer-solicitamos-la-bicisenda-que-dirige-al-polideportivo-norte-para-que-los-peatones-y-ciclistas-cuenten-con-una-via-rapida-y-segura\/","title":{"rendered":"Luz Fischer: \u201cSolicitamos la bicisenda que dirige al Polideportivo Norte para que los peatones y ciclistas cuenten con una v\u00eda r\u00e1pida y segura\u201d"},"content":{"rendered":"\n<figure class=\"wp-block-image size-full\"><a href=\"http:\/\/armstrongyregion.com.ar\/diario\/wp-content\/uploads\/2023\/09\/fischer-fischer-.jpg\"><img loading=\"lazy\" decoding=\"async\" width=\"287\" height=\"294\" src=\"http:\/\/armstrongyregion.com.ar\/diario\/wp-content\/uploads\/2023\/09\/fischer-fischer-.jpg\" alt=\"\" class=\"wp-image-40348\"\/><\/a><\/figure>\n\n\n\n<p>El Concejo Deliberante aprob\u00f3, en la sesi\u00f3n del pasado Martes, una Minuta de Comunicaci\u00f3n presentada por el Bloque Justicialista para que la Direcci\u00f3n de Vialidad Provincial proceda a realizar la obra de asfaltado del camino que conduce al Polideportivo Norte de Armstrong, desde calle Schaer, para evitar y prevenir cualquier tipo de accidente que se pueda ocasionar sobre la ruta N\u00b015, y que los peatones y ciclistas puedan optar por circular por una v\u00eda r\u00e1pida y sin riesgos.<\/p>\n\n\n\n<p>La Concejal Luz Fischer inform\u00f3 al respecto: \u201cHace a\u00f1os que se viene solicitando el asfalto de este camino, sobre todo desde el a\u00f1o 2017 cuando el Gobierno Provincial de Lifschitz hizo la repavimentaci\u00f3n de la ruta 15 y prometi\u00f3 hacer tambi\u00e9n esta bicisenda. Pero no se cumpli\u00f3. Despu\u00e9s, con accidentes que hubo tambi\u00e9n se puso el tema sobre la mesa y tampoco se hizo nada. Entonces sostenemos que no debemos esperar a que ocurra otro accidente para actuar. Es una obra que beneficia a la ciudadan\u00eda y puede hacer la provincia pero tambi\u00e9n el municipio. Por eso volvemos a pedirle al Intendente que lo incorpore al plan de obras de la ciudad o lo gestione a Vialidad Provincial, como Intendente o ya siendo Senador\u201d.<\/p>\n\n\n\n<p>\u201cCasi todas las personas que circulan por all\u00ed elijen ir por la ruta porque, si bien el camino de tierra al polideportivo esta transitable, es m\u00e1s lento y se corre el riesgo de pinchar las gomas de las bicis. Por eso la gente opta por ir por la ruta 15, aun cuando eso implica riesgo de accidentes\u201d afirm\u00f3 la edil. Y concluy\u00f3: \u201cEl objetivo de esta solicitud es generar un corredor seguro, ya que es un camino muy transitado todo el a\u00f1o, por ciclistas, personas que salen a caminar o correr, deportistas de todas las edades que van al club todo el a\u00f1o y la gran cantidad de gente que va a la pileta en verano. Por eso presentamos nuevamente esta solicitud a fin de lograr su concreci\u00f3n\u201d.<\/p>\n","protected":false},"excerpt":{"rendered":"<p>El Concejo Deliberante aprob\u00f3, en la sesi\u00f3n del pasado Martes, una Minuta de Comunicaci\u00f3n presentada por el Bloque Justicialista para que la Direcci\u00f3n de Vialidad Provincial proceda a realizar la obra de asfaltado del camino que conduce al Polideportivo Norte de Armstrong, desde calle Schaer, para evitar y prevenir cualquier tipo de accidente que se <a href=\"https:\/\/armstrongyregion.com.ar\/diario\/luz-fischer-solicitamos-la-bicisenda-que-dirige-al-polideportivo-norte-para-que-los-peatones-y-ciclistas-cuenten-con-una-via-rapida-y-segura\/\" title=\"Read more\" >&#8230;<\/a><\/p>\n","protected":false},"author":1,"featured_media":40348,"comment_status":"open","ping_status":"open","sticky":false,"template":"","format":"image","meta":{"_jetpack_memberships_contains_paid_content":false,"footnotes":"","jetpack_publicize_message":"","jetpack_publicize_feature_enabled":true,"jetpack_social_post_already_shared":true,"jetpack_social_options":{"image_generator_settings":{"template":"highway","default_image_id":0,"enabled":false},"version":2}},"categories":[8,1,2,7],"tags":[179,8828,1043,8757,383,3030],"class_list":["post-40347","post","type-post","status-publish","format-image","has-post-thumbnail","hentry","category-deliberando","category-diario-armstrong","category-locales","category-politica","tag-al","tag-bicisenda-2","tag-fischer","tag-norte-2","tag-polideportivo","tag-solicita","post_format-post-format-image"],"jetpack_publicize_connections":[],"jetpack_featured_media_url":"https:\/\/armstrongyregion.com.ar\/diario\/wp-content\/uploads\/2023\/09\/fischer-fischer-.jpg","jetpack_shortlink":"https:\/\/wp.me\/p62QDO-auL","jetpack_sharing_enabled":true,"amp_enabled":true,"_links":{"self":[{"href":"https:\/\/armstrongyregion.com.ar\/diario\/wp-json\/wp\/v2\/posts\/40347","targetHints":{"allow":["GET"]}}],"collection":[{"href":"https:\/\/armstrongyregion.com.ar\/diario\/wp-json\/wp\/v2\/posts"}],"about":[{"href":"https:\/\/armstrongyregion.com.ar\/diario\/wp-json\/wp\/v2\/types\/post"}],"author":[{"embeddable":true,"href":"https:\/\/armstrongyregion.com.ar\/diario\/wp-json\/wp\/v2\/users\/1"}],"replies":[{"embeddable":true,"href":"https:\/\/armstrongyregion.com.ar\/diario\/wp-json\/wp\/v2\/comments?post=40347"}],"version-history":[{"count":2,"href":"https:\/\/armstrongyregion.com.ar\/diario\/wp-json\/wp\/v2\/posts\/40347\/revisions"}],"predecessor-version":[{"id":40357,"href":"https:\/\/armstrongyregion.com.ar\/diario\/wp-json\/wp\/v2\/posts\/40347\/revisions\/40357"}],"wp:featuredmedia":[{"embeddable":true,"href":"https:\/\/armstrongyregion.com.ar\/diario\/wp-json\/wp\/v2\/media\/40348"}],"wp:attachment":[{"href":"https:\/\/armstrongyregion.com.ar\/diario\/wp-json\/wp\/v2\/media?parent=40347"}],"wp:term":[{"taxonomy":"category","embeddable":true,"href":"https:\/\/armstrongyregion.com.ar\/diario\/wp-json\/wp\/v2\/categories?post=40347"},{"taxonomy":"post_tag","embeddable":true,"href":"https:\/\/armstrongyregion.com.ar\/diario\/wp-json\/wp\/v2\/tags?post=40347"}],"curies":[{"name":"wp","href":"https:\/\/api.w.org\/{rel}","templated":true}]}}