{"id":40340,"date":"2023-09-28T01:31:30","date_gmt":"2023-09-28T01:31:30","guid":{"rendered":"https:\/\/armstrongyregion.com.ar\/diario\/?p=40340"},"modified":"2023-09-28T01:31:32","modified_gmt":"2023-09-28T01:31:32","slug":"clerici-presente-en-los-75-anos-de-la-escuela-campo-cardini","status":"publish","type":"post","link":"https:\/\/armstrongyregion.com.ar\/diario\/clerici-presente-en-los-75-anos-de-la-escuela-campo-cardini\/","title":{"rendered":"Cl\u00e9rici presente en los 75 a\u00f1os de la Escuela Campo Cardini."},"content":{"rendered":"\n<figure class=\"wp-block-image size-full\"><a href=\"http:\/\/armstrongyregion.com.ar\/diario\/wp-content\/uploads\/2023\/09\/clerici-campo-cardini.jpeg\"><img loading=\"lazy\" decoding=\"async\" width=\"400\" height=\"300\" src=\"http:\/\/armstrongyregion.com.ar\/diario\/wp-content\/uploads\/2023\/09\/clerici-campo-cardini.jpeg\" alt=\"\" class=\"wp-image-40341\" srcset=\"https:\/\/armstrongyregion.com.ar\/diario\/wp-content\/uploads\/2023\/09\/clerici-campo-cardini.jpeg 400w, https:\/\/armstrongyregion.com.ar\/diario\/wp-content\/uploads\/2023\/09\/clerici-campo-cardini-300x225.jpeg 300w\" sizes=\"auto, (max-width: 400px) 100vw, 400px\" \/><\/a><\/figure>\n\n\n\n<p>La intendenta Stella Cl\u00e9rici particip\u00f3 del acto por los 75 a\u00f1os CER N\u00b0377 \u201cCampo Cardini\u201d, que se realiz\u00f3 esta ma\u00f1ana en la instituci\u00f3n, renovando el compromiso de la gesti\u00f3n municipal con cada una de las escuelas de la ciudad.<br>\u201cReafirmamos nuestro compromiso de seguir trabajando juntos con las escuelas rurales dando nuestro apoyo en todos sus proyectos.\u201d, expres\u00f3 Cl\u00e9rici adem\u00e1s de valorar los constantes aportes del municipio en Concepto de FAE para mejoras en el establecimiento educativo.<\/p>\n","protected":false},"excerpt":{"rendered":"<p>La intendenta Stella Cl\u00e9rici particip\u00f3 del acto por los 75 a\u00f1os CER N\u00b0377 \u201cCampo Cardini\u201d, que se realiz\u00f3 esta ma\u00f1ana en la instituci\u00f3n, renovando el compromiso de la gesti\u00f3n municipal con cada una de las escuelas de la ciudad.\u201cReafirmamos nuestro compromiso de seguir trabajando juntos con las escuelas rurales dando nuestro apoyo en todos sus <a href=\"https:\/\/armstrongyregion.com.ar\/diario\/clerici-presente-en-los-75-anos-de-la-escuela-campo-cardini\/\" title=\"Read more\" >&#8230;<\/a><\/p>\n","protected":false},"author":1,"featured_media":40341,"comment_status":"open","ping_status":"open","sticky":false,"template":"","format":"image","meta":{"_jetpack_memberships_contains_paid_content":false,"footnotes":"","jetpack_publicize_message":"","jetpack_publicize_feature_enabled":true,"jetpack_social_post_already_shared":true,"jetpack_social_options":{"image_generator_settings":{"template":"highway","default_image_id":0,"enabled":false},"version":2}},"categories":[8,1,7,3],"tags":[1924,9838,83,15,556],"class_list":["post-40340","post","type-post","status-publish","format-image","has-post-thumbnail","hentry","category-deliberando","category-diario-armstrong","category-politica","category-region","tag-campo","tag-cardini","tag-clerici","tag-en","tag-presente","post_format-post-format-image"],"jetpack_publicize_connections":[],"jetpack_featured_media_url":"https:\/\/armstrongyregion.com.ar\/diario\/wp-content\/uploads\/2023\/09\/clerici-campo-cardini.jpeg","jetpack_shortlink":"https:\/\/wp.me\/p62QDO-auE","jetpack_sharing_enabled":true,"amp_enabled":true,"_links":{"self":[{"href":"https:\/\/armstrongyregion.com.ar\/diario\/wp-json\/wp\/v2\/posts\/40340","targetHints":{"allow":["GET"]}}],"collection":[{"href":"https:\/\/armstrongyregion.com.ar\/diario\/wp-json\/wp\/v2\/posts"}],"about":[{"href":"https:\/\/armstrongyregion.com.ar\/diario\/wp-json\/wp\/v2\/types\/post"}],"author":[{"embeddable":true,"href":"https:\/\/armstrongyregion.com.ar\/diario\/wp-json\/wp\/v2\/users\/1"}],"replies":[{"embeddable":true,"href":"https:\/\/armstrongyregion.com.ar\/diario\/wp-json\/wp\/v2\/comments?post=40340"}],"version-history":[{"count":1,"href":"https:\/\/armstrongyregion.com.ar\/diario\/wp-json\/wp\/v2\/posts\/40340\/revisions"}],"predecessor-version":[{"id":40342,"href":"https:\/\/armstrongyregion.com.ar\/diario\/wp-json\/wp\/v2\/posts\/40340\/revisions\/40342"}],"wp:featuredmedia":[{"embeddable":true,"href":"https:\/\/armstrongyregion.com.ar\/diario\/wp-json\/wp\/v2\/media\/40341"}],"wp:attachment":[{"href":"https:\/\/armstrongyregion.com.ar\/diario\/wp-json\/wp\/v2\/media?parent=40340"}],"wp:term":[{"taxonomy":"category","embeddable":true,"href":"https:\/\/armstrongyregion.com.ar\/diario\/wp-json\/wp\/v2\/categories?post=40340"},{"taxonomy":"post_tag","embeddable":true,"href":"https:\/\/armstrongyregion.com.ar\/diario\/wp-json\/wp\/v2\/tags?post=40340"}],"curies":[{"name":"wp","href":"https:\/\/api.w.org\/{rel}","templated":true}]}}