{"id":40337,"date":"2023-09-28T01:27:11","date_gmt":"2023-09-28T01:27:11","guid":{"rendered":"https:\/\/armstrongyregion.com.ar\/diario\/?p=40337"},"modified":"2023-09-28T01:27:13","modified_gmt":"2023-09-28T01:27:13","slug":"joaquin-blanco-los-productores-agropecuarios-necesitan-herramientas-concretas-ante-la-emergencia","status":"publish","type":"post","link":"https:\/\/armstrongyregion.com.ar\/diario\/joaquin-blanco-los-productores-agropecuarios-necesitan-herramientas-concretas-ante-la-emergencia\/","title":{"rendered":"Joaqu\u00edn Blanco: \u201cLos productores agropecuarios necesitan herramientas concretas ante la emergencia\u201d"},"content":{"rendered":"\n<figure class=\"wp-block-image size-full\"><a href=\"http:\/\/armstrongyregion.com.ar\/diario\/wp-content\/uploads\/2023\/09\/joaquin-blanco.jpg\"><img loading=\"lazy\" decoding=\"async\" width=\"450\" height=\"300\" src=\"http:\/\/armstrongyregion.com.ar\/diario\/wp-content\/uploads\/2023\/09\/joaquin-blanco.jpg\" alt=\"\" class=\"wp-image-40338\" srcset=\"https:\/\/armstrongyregion.com.ar\/diario\/wp-content\/uploads\/2023\/09\/joaquin-blanco.jpg 450w, https:\/\/armstrongyregion.com.ar\/diario\/wp-content\/uploads\/2023\/09\/joaquin-blanco-300x200.jpg 300w\" sizes=\"auto, (max-width: 450px) 100vw, 450px\" \/><\/a><\/figure>\n\n\n\n<h2 class=\"wp-block-heading\"><em>Diputados se reunieron junto a representantes del campo para trabajar en el marco normativo que crea un Sistema Provincial de Gesti\u00f3n de Desastres Agropecuarios. Tambi\u00e9n avanzan en una Ley de Seguros Agr\u00edcolas.<\/em><\/h2>\n\n\n\n<p>La sequ\u00eda y su efecto en toda la cadena productiva sigue siendo un tema importante en la agenda legislativa en Santa Fe. Las comisiones de Asuntos Constitucionales y de Agricultura y Ganader\u00eda de la C\u00e1mara de Diputados y Diputadas recibieron a representantes de diferentes entidades agropecuarias de la provincia. \u201cEstamos avanzando en una agenda seria y realista que brinde respuestas concretas y eficientes ante la emergencia y en una propuesta de ley de seguros agr\u00edcolas para que productores y arrendatarios puedan estar cubiertos ante eventualidades clim\u00e1ticas\u201d, expres\u00f3 el socialista Joaqu\u00edn Blanco.<\/p>\n\n\n\n<p>\u201cLa emergencia agropecuaria en Santa Fe, y en todo el pa\u00eds, contin\u00faa. Toda la cadena productiva sigue padeciendo los efectos de la sequ\u00eda y necesitamos establecer marcos normativos actualizados que permita al Ejecutivo dar respuestas concretas a los diferentes sectores\u201d, explic\u00f3 el diputado. \u201cAvanzamos en hacer m\u00e1s eficieNte y realista la prevenci\u00f3n y la gesti\u00f3n del riesgo agropecuario en la provincia. Tenemos una ley muy vieja y que se mostr\u00f3 inadecuada\u201d, agreg\u00f3 el legislador sobre la propuesta que establece la creaci\u00f3n del Sistema Provincial de Gesti\u00f3n Integral de Riesgos de Emergencias y Desastres Agropecuarios.<\/p>\n\n\n\n<p>De la reuni\u00f3n participaron representantes de CARSFE, Coninagro, Federaci\u00f3n Agraria y Sociedad Rural. \u201cDurante todos estos meses escuchamos a las diferentes entidades para poder establecer un instrumento que los acompa\u00f1e. Tambi\u00e9n trabajamos en dar forma a una ley de seguros agr\u00edcolas. Es fundamental que Santa Fe sea pionera en este tipo de legislaci\u00f3n y que pueda abrazar a los peque\u00f1os y medianos productores y arrendatarios que muchas veces son dejados fuera de esta discusi\u00f3n\u201d, asever\u00f3 Blanco, presidente de la comisi\u00f3n de Asuntos Constitucionales.<\/p>\n\n\n\n<p>\u201cLa sequ\u00eda visibiliz\u00f3 que, cuando ocurren estos eventos, se ve afectada toda la cadena productiva. Fue una reuni\u00f3n positiva para lograr un marco normativo que pueda dar respuesta en el mediano y largo plazo y creo que vamos en ese camino. Tambi\u00e9n nos parece necesario avanzar sobre los seguros agr\u00edcolas y establecer herramientas claras que brinden respuesta a todo el sector\u201d, cont\u00f3 Ignacio M\u00e1ntaras, presidente de la Sociedad Rural de Santa Fe.<\/p>\n\n\n\n<p>\u201cEsta fue parte de una serie de reuniones que venimos teniendo con todos los sectores porque se trata de una situaci\u00f3n muy compleja. Tambi\u00e9n estuvieron presentes productores ap\u00edcolas que reclaman la implementaci\u00f3n de una ley vigente hace cuatro a\u00f1os, que creaba un fondo para poder ayudar en la emergencia, y que el gobierno actual no aplic\u00f3\u201d, agreg\u00f3 el diputado Marcelo Gonz\u00e1lez, presidente de la comisi\u00f3n de Agricultura y Ganader\u00eda.<\/p>\n\n\n\n<p>\u201cEl cambio clim\u00e1tico es una realidad y cada vez vamos a ver situaciones m\u00e1s dram\u00e1ticas y necesitamos leyes que permitan dar respuesta al corto plazo pero que tambi\u00e9n dejen establecidos instrumentos reales para los pr\u00f3ximos gobiernos\u201d, finaliz\u00f3 Joaqu\u00edn Blanco<\/p>\n","protected":false},"excerpt":{"rendered":"<p>Diputados se reunieron junto a representantes del campo para trabajar en el marco normativo que crea un Sistema Provincial de Gesti\u00f3n de Desastres Agropecuarios. Tambi\u00e9n avanzan en una Ley de Seguros Agr\u00edcolas. La sequ\u00eda y su efecto en toda la cadena productiva sigue siendo un tema importante en la agenda legislativa en Santa Fe. Las <a href=\"https:\/\/armstrongyregion.com.ar\/diario\/joaquin-blanco-los-productores-agropecuarios-necesitan-herramientas-concretas-ante-la-emergencia\/\" title=\"Read more\" >&#8230;<\/a><\/p>\n","protected":false},"author":1,"featured_media":40338,"comment_status":"open","ping_status":"open","sticky":false,"template":"","format":"image","meta":{"_jetpack_memberships_contains_paid_content":false,"footnotes":"","jetpack_publicize_message":"","jetpack_publicize_feature_enabled":true,"jetpack_social_post_already_shared":true,"jetpack_social_options":{"image_generator_settings":{"template":"highway","default_image_id":0,"enabled":false},"version":2}},"categories":[8,1,2,7,3],"tags":[4069,7453,9837,536],"class_list":["post-40337","post","type-post","status-publish","format-image","has-post-thumbnail","hentry","category-deliberando","category-diario-armstrong","category-locales","category-politica","category-region","tag-agropecuarios","tag-blanco","tag-joaquin","tag-productores","post_format-post-format-image"],"jetpack_publicize_connections":[],"jetpack_featured_media_url":"https:\/\/armstrongyregion.com.ar\/diario\/wp-content\/uploads\/2023\/09\/joaquin-blanco.jpg","jetpack_shortlink":"https:\/\/wp.me\/p62QDO-auB","jetpack_sharing_enabled":true,"amp_enabled":true,"_links":{"self":[{"href":"https:\/\/armstrongyregion.com.ar\/diario\/wp-json\/wp\/v2\/posts\/40337","targetHints":{"allow":["GET"]}}],"collection":[{"href":"https:\/\/armstrongyregion.com.ar\/diario\/wp-json\/wp\/v2\/posts"}],"about":[{"href":"https:\/\/armstrongyregion.com.ar\/diario\/wp-json\/wp\/v2\/types\/post"}],"author":[{"embeddable":true,"href":"https:\/\/armstrongyregion.com.ar\/diario\/wp-json\/wp\/v2\/users\/1"}],"replies":[{"embeddable":true,"href":"https:\/\/armstrongyregion.com.ar\/diario\/wp-json\/wp\/v2\/comments?post=40337"}],"version-history":[{"count":1,"href":"https:\/\/armstrongyregion.com.ar\/diario\/wp-json\/wp\/v2\/posts\/40337\/revisions"}],"predecessor-version":[{"id":40339,"href":"https:\/\/armstrongyregion.com.ar\/diario\/wp-json\/wp\/v2\/posts\/40337\/revisions\/40339"}],"wp:featuredmedia":[{"embeddable":true,"href":"https:\/\/armstrongyregion.com.ar\/diario\/wp-json\/wp\/v2\/media\/40338"}],"wp:attachment":[{"href":"https:\/\/armstrongyregion.com.ar\/diario\/wp-json\/wp\/v2\/media?parent=40337"}],"wp:term":[{"taxonomy":"category","embeddable":true,"href":"https:\/\/armstrongyregion.com.ar\/diario\/wp-json\/wp\/v2\/categories?post=40337"},{"taxonomy":"post_tag","embeddable":true,"href":"https:\/\/armstrongyregion.com.ar\/diario\/wp-json\/wp\/v2\/tags?post=40337"}],"curies":[{"name":"wp","href":"https:\/\/api.w.org\/{rel}","templated":true}]}}