{"id":40334,"date":"2023-09-27T22:10:35","date_gmt":"2023-09-27T22:10:35","guid":{"rendered":"https:\/\/armstrongyregion.com.ar\/diario\/?p=40334"},"modified":"2023-09-27T22:10:38","modified_gmt":"2023-09-27T22:10:38","slug":"dia-nacional-de-la-conciencia-ambiental","status":"publish","type":"post","link":"https:\/\/armstrongyregion.com.ar\/diario\/dia-nacional-de-la-conciencia-ambiental\/","title":{"rendered":"D\u00eda Nacional de la Conciencia Ambiental."},"content":{"rendered":"\n<figure class=\"wp-block-image size-full\"><a href=\"http:\/\/armstrongyregion.com.ar\/diario\/wp-content\/uploads\/2023\/09\/reciclado-material-27-9-23-.jpg\"><img loading=\"lazy\" decoding=\"async\" width=\"640\" height=\"640\" src=\"http:\/\/armstrongyregion.com.ar\/diario\/wp-content\/uploads\/2023\/09\/reciclado-material-27-9-23-.jpg\" alt=\"\" class=\"wp-image-40335\" srcset=\"https:\/\/armstrongyregion.com.ar\/diario\/wp-content\/uploads\/2023\/09\/reciclado-material-27-9-23-.jpg 640w, https:\/\/armstrongyregion.com.ar\/diario\/wp-content\/uploads\/2023\/09\/reciclado-material-27-9-23--300x300.jpg 300w, https:\/\/armstrongyregion.com.ar\/diario\/wp-content\/uploads\/2023\/09\/reciclado-material-27-9-23--150x150.jpg 150w\" sizes=\"auto, (max-width: 640px) 100vw, 640px\" \/><\/a><\/figure>\n\n\n\n<p>Durante los \u00faltimos 3 a\u00f1os la Municipalidad de Armstrong proponiendo el Programa \u201cYo Me<br>Comprometo\u201d y la toma de conciencia y compromiso de todos los armstronenses, hemos hecho<br>un aporte sumamente importante al ambiente, y los datos se reflejan en la imagen que acompa\u00f1a.<br>El \u201cYo Me Comprometo\u201d es un compromiso urbano, un compromiso de todos por un ambiente<br>saludable. Es una acci\u00f3n colectiva y responsable con el ambiente y con nuestra ciudad.<br>La Ley 24.605 de 1995, declar\u00f3 el 27 de septiembre como D\u00eda Nacional de la Conciencia Ambiental<br>en conmemoraci\u00f3n de la tragedia ocurrida en esa fecha en 1993, en la ciudad de Avellaneda,<br>provincia de Buenos Aires, debido a un escape de gas cianh\u00eddrico.<\/p>\n","protected":false},"excerpt":{"rendered":"<p>Durante los \u00faltimos 3 a\u00f1os la Municipalidad de Armstrong proponiendo el Programa \u201cYo MeComprometo\u201d y la toma de conciencia y compromiso de todos los armstronenses, hemos hechoun aporte sumamente importante al ambiente, y los datos se reflejan en la imagen que acompa\u00f1a.El \u201cYo Me Comprometo\u201d es un compromiso urbano, un compromiso de todos por un <a href=\"https:\/\/armstrongyregion.com.ar\/diario\/dia-nacional-de-la-conciencia-ambiental\/\" title=\"Read more\" >&#8230;<\/a><\/p>\n","protected":false},"author":1,"featured_media":40335,"comment_status":"open","ping_status":"open","sticky":false,"template":"","format":"image","meta":{"_jetpack_memberships_contains_paid_content":false,"footnotes":"","jetpack_publicize_message":"","jetpack_publicize_feature_enabled":true,"jetpack_social_post_already_shared":true,"jetpack_social_options":{"image_generator_settings":{"template":"highway","default_image_id":0,"enabled":false},"version":2}},"categories":[8,1,2,7,3],"tags":[2783,4365,19,793,31,621],"class_list":["post-40334","post","type-post","status-publish","format-image","has-post-thumbnail","hentry","category-deliberando","category-diario-armstrong","category-locales","category-politica","category-region","tag-ambiental","tag-conciencia","tag-de","tag-dia","tag-la","tag-nacional","post_format-post-format-image"],"jetpack_publicize_connections":[],"jetpack_featured_media_url":"https:\/\/armstrongyregion.com.ar\/diario\/wp-content\/uploads\/2023\/09\/reciclado-material-27-9-23-.jpg","jetpack_shortlink":"https:\/\/wp.me\/p62QDO-auy","jetpack_sharing_enabled":true,"amp_enabled":true,"_links":{"self":[{"href":"https:\/\/armstrongyregion.com.ar\/diario\/wp-json\/wp\/v2\/posts\/40334","targetHints":{"allow":["GET"]}}],"collection":[{"href":"https:\/\/armstrongyregion.com.ar\/diario\/wp-json\/wp\/v2\/posts"}],"about":[{"href":"https:\/\/armstrongyregion.com.ar\/diario\/wp-json\/wp\/v2\/types\/post"}],"author":[{"embeddable":true,"href":"https:\/\/armstrongyregion.com.ar\/diario\/wp-json\/wp\/v2\/users\/1"}],"replies":[{"embeddable":true,"href":"https:\/\/armstrongyregion.com.ar\/diario\/wp-json\/wp\/v2\/comments?post=40334"}],"version-history":[{"count":1,"href":"https:\/\/armstrongyregion.com.ar\/diario\/wp-json\/wp\/v2\/posts\/40334\/revisions"}],"predecessor-version":[{"id":40336,"href":"https:\/\/armstrongyregion.com.ar\/diario\/wp-json\/wp\/v2\/posts\/40334\/revisions\/40336"}],"wp:featuredmedia":[{"embeddable":true,"href":"https:\/\/armstrongyregion.com.ar\/diario\/wp-json\/wp\/v2\/media\/40335"}],"wp:attachment":[{"href":"https:\/\/armstrongyregion.com.ar\/diario\/wp-json\/wp\/v2\/media?parent=40334"}],"wp:term":[{"taxonomy":"category","embeddable":true,"href":"https:\/\/armstrongyregion.com.ar\/diario\/wp-json\/wp\/v2\/categories?post=40334"},{"taxonomy":"post_tag","embeddable":true,"href":"https:\/\/armstrongyregion.com.ar\/diario\/wp-json\/wp\/v2\/tags?post=40334"}],"curies":[{"name":"wp","href":"https:\/\/api.w.org\/{rel}","templated":true}]}}