{"id":40330,"date":"2023-09-27T22:07:46","date_gmt":"2023-09-27T22:07:46","guid":{"rendered":"https:\/\/armstrongyregion.com.ar\/diario\/?p=40330"},"modified":"2023-09-27T22:07:48","modified_gmt":"2023-09-27T22:07:48","slug":"clerici-gestiono-y-concreto-93-millones-para-obras-en-el-parque-industrial","status":"publish","type":"post","link":"https:\/\/armstrongyregion.com.ar\/diario\/clerici-gestiono-y-concreto-93-millones-para-obras-en-el-parque-industrial\/","title":{"rendered":"Cl\u00e9rici gestion\u00f3 y concret\u00f3 93 millones para obras en el Parque Industrial."},"content":{"rendered":"\n<figure class=\"wp-block-image size-full\"><a href=\"http:\/\/armstrongyregion.com.ar\/diario\/wp-content\/uploads\/2023\/09\/clerici-1-.jpg\"><img loading=\"lazy\" decoding=\"async\" width=\"400\" height=\"255\" src=\"http:\/\/armstrongyregion.com.ar\/diario\/wp-content\/uploads\/2023\/09\/clerici-1-.jpg\" alt=\"\" class=\"wp-image-40331\" srcset=\"https:\/\/armstrongyregion.com.ar\/diario\/wp-content\/uploads\/2023\/09\/clerici-1-.jpg 400w, https:\/\/armstrongyregion.com.ar\/diario\/wp-content\/uploads\/2023\/09\/clerici-1--300x191.jpg 300w\" sizes=\"auto, (max-width: 400px) 100vw, 400px\" \/><\/a><\/figure>\n\n\n\n<p>A partir de gestiones realizadas por la intendenta Stella Cl\u00e9rici y su equipo, ante la Secretar\u00eda de Industria y Desarrollo Productivo de la Naci\u00f3n, se obtuvo un Aporte No Reintegrable de 93 millones de pesos para obras en el Parque Industrial I.<\/p>\n\n\n\n<figure class=\"wp-block-image size-full\"><a href=\"http:\/\/armstrongyregion.com.ar\/diario\/wp-content\/uploads\/2023\/09\/clerici-2-.jpg\"><img loading=\"lazy\" decoding=\"async\" width=\"400\" height=\"267\" src=\"http:\/\/armstrongyregion.com.ar\/diario\/wp-content\/uploads\/2023\/09\/clerici-2-.jpg\" alt=\"\" class=\"wp-image-40332\" srcset=\"https:\/\/armstrongyregion.com.ar\/diario\/wp-content\/uploads\/2023\/09\/clerici-2-.jpg 400w, https:\/\/armstrongyregion.com.ar\/diario\/wp-content\/uploads\/2023\/09\/clerici-2--300x200.jpg 300w\" sizes=\"auto, (max-width: 400px) 100vw, 400px\" \/><\/a><\/figure>\n\n\n\n<p>Las obras proyectadas que se financiar\u00e1n son: Ampliaci\u00f3n de la Iluminaci\u00f3n, Ensanche de Pavimento \u2013 Calle de Ingreso y Obras Sector Ingreso (p\u00f3rtico y sistema de video vigilancia). En este sentido, la intendenta se reuni\u00f3 con industriales y present\u00f3 en el Concejo el proyecto para crear una comisi\u00f3n que administre los fondos y permita avanzar r\u00e1pidamente en la concreci\u00f3n de las obras.<\/p>\n\n\n\n<p>\u201cA partir de un gran trabajo e importantes gestiones se concreta este aporte y junto a industriales seguimos ejecutando obras que mejoran el Parque Industrial I, con mayor infraestructura\u201d, expres\u00f3. &nbsp;<\/p>\n","protected":false},"excerpt":{"rendered":"<p>A partir de gestiones realizadas por la intendenta Stella Cl\u00e9rici y su equipo, ante la Secretar\u00eda de Industria y Desarrollo Productivo de la Naci\u00f3n, se obtuvo un Aporte No Reintegrable de 93 millones de pesos para obras en el Parque Industrial I. Las obras proyectadas que se financiar\u00e1n son: Ampliaci\u00f3n de la Iluminaci\u00f3n, Ensanche de <a href=\"https:\/\/armstrongyregion.com.ar\/diario\/clerici-gestiono-y-concreto-93-millones-para-obras-en-el-parque-industrial\/\" title=\"Read more\" >&#8230;<\/a><\/p>\n","protected":false},"author":1,"featured_media":40331,"comment_status":"open","ping_status":"open","sticky":false,"template":"","format":"image","meta":{"_jetpack_memberships_contains_paid_content":false,"footnotes":"","jetpack_publicize_message":"","jetpack_publicize_feature_enabled":true,"jetpack_social_post_already_shared":true,"jetpack_social_options":{"image_generator_settings":{"template":"highway","default_image_id":0,"enabled":false},"version":2}},"categories":[6,8,1,2,7,3],"tags":[9836,9156,2214,2704,22,1226,13],"class_list":["post-40330","post","type-post","status-publish","format-image","has-post-thumbnail","hentry","category-cultura-entretenimiento","category-deliberando","category-diario-armstrong","category-locales","category-politica","category-region","tag-96-millones","tag-clerici-2","tag-concreto","tag-gestiono","tag-industrial","tag-parque","tag-y","post_format-post-format-image"],"jetpack_publicize_connections":[],"jetpack_featured_media_url":"https:\/\/armstrongyregion.com.ar\/diario\/wp-content\/uploads\/2023\/09\/clerici-1-.jpg","jetpack_shortlink":"https:\/\/wp.me\/p62QDO-auu","jetpack_sharing_enabled":true,"amp_enabled":true,"_links":{"self":[{"href":"https:\/\/armstrongyregion.com.ar\/diario\/wp-json\/wp\/v2\/posts\/40330","targetHints":{"allow":["GET"]}}],"collection":[{"href":"https:\/\/armstrongyregion.com.ar\/diario\/wp-json\/wp\/v2\/posts"}],"about":[{"href":"https:\/\/armstrongyregion.com.ar\/diario\/wp-json\/wp\/v2\/types\/post"}],"author":[{"embeddable":true,"href":"https:\/\/armstrongyregion.com.ar\/diario\/wp-json\/wp\/v2\/users\/1"}],"replies":[{"embeddable":true,"href":"https:\/\/armstrongyregion.com.ar\/diario\/wp-json\/wp\/v2\/comments?post=40330"}],"version-history":[{"count":1,"href":"https:\/\/armstrongyregion.com.ar\/diario\/wp-json\/wp\/v2\/posts\/40330\/revisions"}],"predecessor-version":[{"id":40333,"href":"https:\/\/armstrongyregion.com.ar\/diario\/wp-json\/wp\/v2\/posts\/40330\/revisions\/40333"}],"wp:featuredmedia":[{"embeddable":true,"href":"https:\/\/armstrongyregion.com.ar\/diario\/wp-json\/wp\/v2\/media\/40331"}],"wp:attachment":[{"href":"https:\/\/armstrongyregion.com.ar\/diario\/wp-json\/wp\/v2\/media?parent=40330"}],"wp:term":[{"taxonomy":"category","embeddable":true,"href":"https:\/\/armstrongyregion.com.ar\/diario\/wp-json\/wp\/v2\/categories?post=40330"},{"taxonomy":"post_tag","embeddable":true,"href":"https:\/\/armstrongyregion.com.ar\/diario\/wp-json\/wp\/v2\/tags?post=40330"}],"curies":[{"name":"wp","href":"https:\/\/api.w.org\/{rel}","templated":true}]}}