{"id":40297,"date":"2023-09-25T15:58:27","date_gmt":"2023-09-25T15:58:27","guid":{"rendered":"https:\/\/armstrongyregion.com.ar\/diario\/?p=40297"},"modified":"2023-09-25T15:59:19","modified_gmt":"2023-09-25T15:59:19","slug":"fiestas-patronales-en-honor-a-nuestra-senora-de-la-merced","status":"publish","type":"post","link":"https:\/\/armstrongyregion.com.ar\/diario\/fiestas-patronales-en-honor-a-nuestra-senora-de-la-merced\/","title":{"rendered":"Fiestas Patronales en Honor a Nuestra Se\u00f1ora de la Merced."},"content":{"rendered":"\n<figure class=\"wp-block-image size-full\"><a href=\"http:\/\/armstrongyregion.com.ar\/diario\/wp-content\/uploads\/2023\/09\/merced-1-.jpg\"><img loading=\"lazy\" decoding=\"async\" width=\"384\" height=\"327\" src=\"http:\/\/armstrongyregion.com.ar\/diario\/wp-content\/uploads\/2023\/09\/merced-1-.jpg\" alt=\"\" class=\"wp-image-40312\" srcset=\"https:\/\/armstrongyregion.com.ar\/diario\/wp-content\/uploads\/2023\/09\/merced-1-.jpg 384w, https:\/\/armstrongyregion.com.ar\/diario\/wp-content\/uploads\/2023\/09\/merced-1--300x255.jpg 300w\" sizes=\"auto, (max-width: 384px) 100vw, 384px\" \/><\/a><\/figure>\n\n\n\n<p>El 24 de Septiembre, d\u00eda de Nuestra Se\u00f1ora de la Merced, patrona de nuestra ciudad, se rez\u00f3 el Santo Rosario, luego la  tradicional misa encabezada por el cura p\u00e1rroco Roberto Monachesi y finalmente la procesi\u00f3n donde la patrona de Armstrong y la Virgen de Luj\u00e1n recorrieron las calles de nuestra ciudad, escoltadas por el intendente local Dr. Pablo Verdecchia, Bomberos Voluntarios, funcionarios y una gran cantidad de fieles.<\/p>\n\n\n\n<figure class=\"wp-block-image size-full\"><a href=\"http:\/\/armstrongyregion.com.ar\/diario\/wp-content\/uploads\/2023\/09\/merced-2-.jpg\"><img loading=\"lazy\" decoding=\"async\" width=\"512\" height=\"384\" src=\"http:\/\/armstrongyregion.com.ar\/diario\/wp-content\/uploads\/2023\/09\/merced-2-.jpg\" alt=\"\" class=\"wp-image-40313\" srcset=\"https:\/\/armstrongyregion.com.ar\/diario\/wp-content\/uploads\/2023\/09\/merced-2-.jpg 512w, https:\/\/armstrongyregion.com.ar\/diario\/wp-content\/uploads\/2023\/09\/merced-2--300x225.jpg 300w\" sizes=\"auto, (max-width: 512px) 100vw, 512px\" \/><\/a><\/figure>\n\n\n\n<p>\u00a0A partir de las 15hs. frente a la parroquia, comenzaron los festejos art\u00edsticos con motivo de la celebraci\u00f3n del d\u00eda de nuestra Virgen Patrona de la ciudad,  donde se cont\u00f3 con la presentaci\u00f3n de, Banda Infanto Juvenil del Conservatorio Municipal de M\u00fasica, ballet infantil del C. T. El Tropero, alumnos del Galp\u00f3n ASUMTA junto a Rodrigo Migliosi, Grupo de Danzas Folcl\u00f3ricas Argentinas \u201cFrancisco Maldonado\u201d, V\u00edctor Barrera, grupo de adultos y ballet juvenil de Fundaci\u00f3n Bemba Color\u00e1, Gianela Bertello como solista, y el grupo Stai Bene.<\/p>\n\n\n\n<figure class=\"wp-block-image size-full\"><a href=\"http:\/\/armstrongyregion.com.ar\/diario\/wp-content\/uploads\/2023\/09\/merced3-.jpg\"><img loading=\"lazy\" decoding=\"async\" width=\"384\" height=\"512\" src=\"http:\/\/armstrongyregion.com.ar\/diario\/wp-content\/uploads\/2023\/09\/merced3-.jpg\" alt=\"\" class=\"wp-image-40314\" srcset=\"https:\/\/armstrongyregion.com.ar\/diario\/wp-content\/uploads\/2023\/09\/merced3-.jpg 384w, https:\/\/armstrongyregion.com.ar\/diario\/wp-content\/uploads\/2023\/09\/merced3--225x300.jpg 225w\" sizes=\"auto, (max-width: 384px) 100vw, 384px\" \/><\/a><\/figure>\n\n\n\n<p>Tambi\u00e9n estuvieron presente los emprendedores de la Feria Sabores y Colores Locales, y servicio de buffet a cargo de la Comisi\u00f3n parroquial.<\/p>\n\n\n\n<p><\/p>\n","protected":false},"excerpt":{"rendered":"<p>El 24 de Septiembre, d\u00eda de Nuestra Se\u00f1ora de la Merced, patrona de nuestra ciudad, se rez\u00f3 el Santo Rosario, luego la tradicional misa encabezada por el cura p\u00e1rroco Roberto Monachesi y finalmente la procesi\u00f3n donde la patrona de Armstrong y la Virgen de Luj\u00e1n recorrieron las calles de nuestra ciudad, escoltadas por el intendente <a href=\"https:\/\/armstrongyregion.com.ar\/diario\/fiestas-patronales-en-honor-a-nuestra-senora-de-la-merced\/\" title=\"Read more\" >&#8230;<\/a><\/p>\n","protected":false},"author":1,"featured_media":40312,"comment_status":"open","ping_status":"open","sticky":false,"template":"","format":"image","meta":{"_jetpack_memberships_contains_paid_content":false,"footnotes":"","jetpack_publicize_message":"","jetpack_publicize_feature_enabled":true,"jetpack_social_post_already_shared":true,"jetpack_social_options":{"image_generator_settings":{"template":"highway","default_image_id":0,"enabled":false},"version":2}},"categories":[6,8,1,2,7,3],"tags":[9829,91,9830,9834],"class_list":["post-40297","post","type-post","status-publish","format-image","has-post-thumbnail","hentry","category-cultura-entretenimiento","category-deliberando","category-diario-armstrong","category-locales","category-politica","category-region","tag-fiestas-2","tag-nuestra","tag-patronales","tag-sra-de-la-merced-2","post_format-post-format-image"],"jetpack_publicize_connections":[],"jetpack_featured_media_url":"https:\/\/armstrongyregion.com.ar\/diario\/wp-content\/uploads\/2023\/09\/merced-1-.jpg","jetpack_shortlink":"https:\/\/wp.me\/p62QDO-atX","jetpack_sharing_enabled":true,"amp_enabled":true,"_links":{"self":[{"href":"https:\/\/armstrongyregion.com.ar\/diario\/wp-json\/wp\/v2\/posts\/40297","targetHints":{"allow":["GET"]}}],"collection":[{"href":"https:\/\/armstrongyregion.com.ar\/diario\/wp-json\/wp\/v2\/posts"}],"about":[{"href":"https:\/\/armstrongyregion.com.ar\/diario\/wp-json\/wp\/v2\/types\/post"}],"author":[{"embeddable":true,"href":"https:\/\/armstrongyregion.com.ar\/diario\/wp-json\/wp\/v2\/users\/1"}],"replies":[{"embeddable":true,"href":"https:\/\/armstrongyregion.com.ar\/diario\/wp-json\/wp\/v2\/comments?post=40297"}],"version-history":[{"count":3,"href":"https:\/\/armstrongyregion.com.ar\/diario\/wp-json\/wp\/v2\/posts\/40297\/revisions"}],"predecessor-version":[{"id":40315,"href":"https:\/\/armstrongyregion.com.ar\/diario\/wp-json\/wp\/v2\/posts\/40297\/revisions\/40315"}],"wp:featuredmedia":[{"embeddable":true,"href":"https:\/\/armstrongyregion.com.ar\/diario\/wp-json\/wp\/v2\/media\/40312"}],"wp:attachment":[{"href":"https:\/\/armstrongyregion.com.ar\/diario\/wp-json\/wp\/v2\/media?parent=40297"}],"wp:term":[{"taxonomy":"category","embeddable":true,"href":"https:\/\/armstrongyregion.com.ar\/diario\/wp-json\/wp\/v2\/categories?post=40297"},{"taxonomy":"post_tag","embeddable":true,"href":"https:\/\/armstrongyregion.com.ar\/diario\/wp-json\/wp\/v2\/tags?post=40297"}],"curies":[{"name":"wp","href":"https:\/\/api.w.org\/{rel}","templated":true}]}}