{"id":40293,"date":"2023-09-22T23:47:16","date_gmt":"2023-09-22T23:47:16","guid":{"rendered":"https:\/\/armstrongyregion.com.ar\/diario\/?p=40293"},"modified":"2023-09-22T23:47:18","modified_gmt":"2023-09-22T23:47:18","slug":"armstrong-fiestas-patronales-2023","status":"publish","type":"post","link":"https:\/\/armstrongyregion.com.ar\/diario\/armstrong-fiestas-patronales-2023\/","title":{"rendered":"Armstrong. Fiestas Patronales 2023."},"content":{"rendered":"\n<figure class=\"wp-block-image size-full\"><a href=\"http:\/\/armstrongyregion.com.ar\/diario\/wp-content\/uploads\/2023\/09\/fiestas-patronales-1-1.jpg\"><img loading=\"lazy\" decoding=\"async\" width=\"400\" height=\"400\" src=\"http:\/\/armstrongyregion.com.ar\/diario\/wp-content\/uploads\/2023\/09\/fiestas-patronales-1-1.jpg\" alt=\"\" class=\"wp-image-40294\" srcset=\"https:\/\/armstrongyregion.com.ar\/diario\/wp-content\/uploads\/2023\/09\/fiestas-patronales-1-1.jpg 400w, https:\/\/armstrongyregion.com.ar\/diario\/wp-content\/uploads\/2023\/09\/fiestas-patronales-1-1-300x300.jpg 300w, https:\/\/armstrongyregion.com.ar\/diario\/wp-content\/uploads\/2023\/09\/fiestas-patronales-1-1-150x150.jpg 150w\" sizes=\"auto, (max-width: 400px) 100vw, 400px\" \/><\/a><\/figure>\n\n\n\n<p>La Municipalidad de Armstrong junto a la Parroquia Nuestra Se\u00f1ora de la Merced invitan a toda la comunidad a participar de los festejos art\u00edsticos con motivo de la celebraci\u00f3n del d\u00eda de la Virgen Patrona de la ciudad.<\/p>\n\n\n\n<p>Los mismos se realizar\u00e1n el domingo 24 de septiembre desde las 15 hs. frente a la parroquia donde se contar\u00e1 con la presentaci\u00f3n de: Banda Infanto Juvenil del Conservatorio Municipal de M\u00fasica, ballet infantil del C. T. El Tropero, alumnos del Galp\u00f3n ASUMTA junto a Rodrigo Migliosi, Grupo de Danzas Folcl\u00f3ricas Argentinas \u201cFrancisco Maldonado\u201d, V\u00edctor Barrera, grupo de adultos y ballet juvenil de Fundaci\u00f3n Bemba Color\u00e1, Gianela Bertello como solista, y el grupo Stai Bene.<\/p>\n\n\n\n<p>Tambi\u00e9n participar\u00e1n los emprendedores de la Feria Sabores y Colores Locales, y servicio de buffet a cargo de la Comisi\u00f3n parroquial.<\/p>\n","protected":false},"excerpt":{"rendered":"<p>La Municipalidad de Armstrong junto a la Parroquia Nuestra Se\u00f1ora de la Merced invitan a toda la comunidad a participar de los festejos art\u00edsticos con motivo de la celebraci\u00f3n del d\u00eda de la Virgen Patrona de la ciudad. Los mismos se realizar\u00e1n el domingo 24 de septiembre desde las 15 hs. frente a la parroquia <a href=\"https:\/\/armstrongyregion.com.ar\/diario\/armstrong-fiestas-patronales-2023\/\" title=\"Read more\" >&#8230;<\/a><\/p>\n","protected":false},"author":1,"featured_media":40294,"comment_status":"open","ping_status":"open","sticky":false,"template":"","format":"image","meta":{"_jetpack_memberships_contains_paid_content":false,"footnotes":"","jetpack_publicize_message":"","jetpack_publicize_feature_enabled":true,"jetpack_social_post_already_shared":true,"jetpack_social_options":{"image_generator_settings":{"template":"highway","default_image_id":0,"enabled":false},"version":2}},"categories":[8,1,2,7,3],"tags":[8751,20,9829,9830],"class_list":["post-40293","post","type-post","status-publish","format-image","has-post-thumbnail","hentry","category-deliberando","category-diario-armstrong","category-locales","category-politica","category-region","tag-8751","tag-armstrong","tag-fiestas-2","tag-patronales","post_format-post-format-image"],"jetpack_publicize_connections":[],"jetpack_featured_media_url":"https:\/\/armstrongyregion.com.ar\/diario\/wp-content\/uploads\/2023\/09\/fiestas-patronales-1-1.jpg","jetpack_shortlink":"https:\/\/wp.me\/p62QDO-atT","jetpack_sharing_enabled":true,"amp_enabled":true,"_links":{"self":[{"href":"https:\/\/armstrongyregion.com.ar\/diario\/wp-json\/wp\/v2\/posts\/40293","targetHints":{"allow":["GET"]}}],"collection":[{"href":"https:\/\/armstrongyregion.com.ar\/diario\/wp-json\/wp\/v2\/posts"}],"about":[{"href":"https:\/\/armstrongyregion.com.ar\/diario\/wp-json\/wp\/v2\/types\/post"}],"author":[{"embeddable":true,"href":"https:\/\/armstrongyregion.com.ar\/diario\/wp-json\/wp\/v2\/users\/1"}],"replies":[{"embeddable":true,"href":"https:\/\/armstrongyregion.com.ar\/diario\/wp-json\/wp\/v2\/comments?post=40293"}],"version-history":[{"count":1,"href":"https:\/\/armstrongyregion.com.ar\/diario\/wp-json\/wp\/v2\/posts\/40293\/revisions"}],"predecessor-version":[{"id":40295,"href":"https:\/\/armstrongyregion.com.ar\/diario\/wp-json\/wp\/v2\/posts\/40293\/revisions\/40295"}],"wp:featuredmedia":[{"embeddable":true,"href":"https:\/\/armstrongyregion.com.ar\/diario\/wp-json\/wp\/v2\/media\/40294"}],"wp:attachment":[{"href":"https:\/\/armstrongyregion.com.ar\/diario\/wp-json\/wp\/v2\/media?parent=40293"}],"wp:term":[{"taxonomy":"category","embeddable":true,"href":"https:\/\/armstrongyregion.com.ar\/diario\/wp-json\/wp\/v2\/categories?post=40293"},{"taxonomy":"post_tag","embeddable":true,"href":"https:\/\/armstrongyregion.com.ar\/diario\/wp-json\/wp\/v2\/tags?post=40293"}],"curies":[{"name":"wp","href":"https:\/\/api.w.org\/{rel}","templated":true}]}}