{"id":40278,"date":"2023-09-22T02:06:00","date_gmt":"2023-09-22T02:06:00","guid":{"rendered":"https:\/\/armstrongyregion.com.ar\/diario\/?p=40278"},"modified":"2023-09-22T02:13:52","modified_gmt":"2023-09-22T02:13:52","slug":"armstrong-vuelven-los-festejos-por-el-dia-de-nuestra-senora-de-la-merced","status":"publish","type":"post","link":"https:\/\/armstrongyregion.com.ar\/diario\/armstrong-vuelven-los-festejos-por-el-dia-de-nuestra-senora-de-la-merced\/","title":{"rendered":"Armstrong. Vuelven los Festejos por el D\u00eda de Nuestra Se\u00f1ora de la Merced."},"content":{"rendered":"\n<figure class=\"wp-block-image size-full\"><a href=\"http:\/\/armstrongyregion.com.ar\/diario\/wp-content\/uploads\/2023\/09\/fiestas-patronales-.jpg\"><img loading=\"lazy\" decoding=\"async\" width=\"400\" height=\"400\" src=\"http:\/\/armstrongyregion.com.ar\/diario\/wp-content\/uploads\/2023\/09\/fiestas-patronales-.jpg\" alt=\"\" class=\"wp-image-40279\" srcset=\"https:\/\/armstrongyregion.com.ar\/diario\/wp-content\/uploads\/2023\/09\/fiestas-patronales-.jpg 400w, https:\/\/armstrongyregion.com.ar\/diario\/wp-content\/uploads\/2023\/09\/fiestas-patronales--300x300.jpg 300w, https:\/\/armstrongyregion.com.ar\/diario\/wp-content\/uploads\/2023\/09\/fiestas-patronales--150x150.jpg 150w\" sizes=\"auto, (max-width: 400px) 100vw, 400px\" \/><\/a><\/figure>\n\n\n\n<p>Municipalidad de Armstrong y Parroquia Nuestra Sra. de la Merced invitan a participar de las Fiestas Patronales.<\/p>\n\n\n\n<p>Domingo 24 de Septiembre, 15hs. en Plaza San Mart\u00edn. <\/p>\n\n\n\n<p>Con la actuaci\u00f3n de la Banda Infanto-Juvenil, el Conservatorio Municipal de M\u00fasica.<\/p>\n\n\n\n<p> M\u00fasica y Danza, Servicio de buffet, Colores y Sabores locales. <\/p>\n","protected":false},"excerpt":{"rendered":"<p>Municipalidad de Armstrong y Parroquia Nuestra Sra. de la Merced invitan a participar de las Fiestas Patronales. Domingo 24 de Septiembre, 15hs. en Plaza San Mart\u00edn. Con la actuaci\u00f3n de la Banda Infanto-Juvenil, el Conservatorio Municipal de M\u00fasica. M\u00fasica y Danza, Servicio de buffet, Colores y Sabores locales.<\/p>\n","protected":false},"author":1,"featured_media":40279,"comment_status":"open","ping_status":"open","sticky":false,"template":"","format":"image","meta":{"_jetpack_memberships_contains_paid_content":false,"footnotes":"","jetpack_publicize_message":"","jetpack_publicize_feature_enabled":true,"jetpack_social_post_already_shared":true,"jetpack_social_options":{"image_generator_settings":{"template":"highway","default_image_id":0,"enabled":false},"version":2}},"categories":[6,8,1,2],"tags":[19,16,841,31,42,93,91,8881,9826],"class_list":["post-40278","post","type-post","status-publish","format-image","has-post-thumbnail","hentry","category-cultura-entretenimiento","category-deliberando","category-diario-armstrong","category-locales","tag-de","tag-el","tag-festejos","tag-la","tag-los","tag-merced","tag-nuestra","tag-sra-2","tag-vuelven","post_format-post-format-image"],"jetpack_publicize_connections":[],"jetpack_featured_media_url":"https:\/\/armstrongyregion.com.ar\/diario\/wp-content\/uploads\/2023\/09\/fiestas-patronales-.jpg","jetpack_shortlink":"https:\/\/wp.me\/p62QDO-atE","jetpack_sharing_enabled":true,"amp_enabled":true,"_links":{"self":[{"href":"https:\/\/armstrongyregion.com.ar\/diario\/wp-json\/wp\/v2\/posts\/40278","targetHints":{"allow":["GET"]}}],"collection":[{"href":"https:\/\/armstrongyregion.com.ar\/diario\/wp-json\/wp\/v2\/posts"}],"about":[{"href":"https:\/\/armstrongyregion.com.ar\/diario\/wp-json\/wp\/v2\/types\/post"}],"author":[{"embeddable":true,"href":"https:\/\/armstrongyregion.com.ar\/diario\/wp-json\/wp\/v2\/users\/1"}],"replies":[{"embeddable":true,"href":"https:\/\/armstrongyregion.com.ar\/diario\/wp-json\/wp\/v2\/comments?post=40278"}],"version-history":[{"count":2,"href":"https:\/\/armstrongyregion.com.ar\/diario\/wp-json\/wp\/v2\/posts\/40278\/revisions"}],"predecessor-version":[{"id":40281,"href":"https:\/\/armstrongyregion.com.ar\/diario\/wp-json\/wp\/v2\/posts\/40278\/revisions\/40281"}],"wp:featuredmedia":[{"embeddable":true,"href":"https:\/\/armstrongyregion.com.ar\/diario\/wp-json\/wp\/v2\/media\/40279"}],"wp:attachment":[{"href":"https:\/\/armstrongyregion.com.ar\/diario\/wp-json\/wp\/v2\/media?parent=40278"}],"wp:term":[{"taxonomy":"category","embeddable":true,"href":"https:\/\/armstrongyregion.com.ar\/diario\/wp-json\/wp\/v2\/categories?post=40278"},{"taxonomy":"post_tag","embeddable":true,"href":"https:\/\/armstrongyregion.com.ar\/diario\/wp-json\/wp\/v2\/tags?post=40278"}],"curies":[{"name":"wp","href":"https:\/\/api.w.org\/{rel}","templated":true}]}}