{"id":40271,"date":"2023-09-22T00:17:40","date_gmt":"2023-09-22T00:17:40","guid":{"rendered":"https:\/\/armstrongyregion.com.ar\/diario\/?p=40271"},"modified":"2023-09-22T01:33:39","modified_gmt":"2023-09-22T01:33:39","slug":"el-jardin-n-84-el-aromo-festejo-el-dia-de-la-primavera","status":"publish","type":"post","link":"https:\/\/armstrongyregion.com.ar\/diario\/el-jardin-n-84-el-aromo-festejo-el-dia-de-la-primavera\/","title":{"rendered":"El Jard\u00edn N\u00b0 84 \u00abEl Aromo\u00bb Festej\u00f3 el D\u00eda de la Primavera."},"content":{"rendered":"\n<figure class=\"wp-block-image size-full\"><a href=\"http:\/\/armstrongyregion.com.ar\/diario\/wp-content\/uploads\/2023\/09\/jardon-84-a-.jpg\"><img loading=\"lazy\" decoding=\"async\" width=\"384\" height=\"436\" src=\"http:\/\/armstrongyregion.com.ar\/diario\/wp-content\/uploads\/2023\/09\/jardon-84-a-.jpg\" alt=\"\" class=\"wp-image-40273\" srcset=\"https:\/\/armstrongyregion.com.ar\/diario\/wp-content\/uploads\/2023\/09\/jardon-84-a-.jpg 384w, https:\/\/armstrongyregion.com.ar\/diario\/wp-content\/uploads\/2023\/09\/jardon-84-a--264x300.jpg 264w\" sizes=\"auto, (max-width: 384px) 100vw, 384px\" \/><\/a><\/figure>\n\n\n\n<h2 class=\"wp-block-heading\">El jard\u00edn de infantes N\u00b0 84 \u00abEl Aromo\u00bb festej\u00f3 la llegada de la primavera con una colorida bicicleteada que cont\u00f3 con la presencia de todos sus alumnos, acompa\u00f1ados por sus familias y cuerpo docente.<\/h2>\n\n\n\n<figure class=\"wp-block-embed is-type-video is-provider-youtube wp-block-embed-youtube wp-embed-aspect-16-9 wp-has-aspect-ratio\"><div class=\"wp-block-embed__wrapper\">\n<iframe loading=\"lazy\" title=\"El Jardin N\u00b084 festejo el dia de la primavera.\" width=\"800\" height=\"450\" src=\"https:\/\/www.youtube.com\/embed\/WlyfIYHePyw?feature=oembed\" frameborder=\"0\" allow=\"accelerometer; autoplay; clipboard-write; encrypted-media; gyroscope; picture-in-picture; web-share\" allowfullscreen><\/iframe>\n<\/div><\/figure>\n\n\n\n<figure class=\"wp-block-image size-full\"><a href=\"http:\/\/armstrongyregion.com.ar\/diario\/wp-content\/uploads\/2023\/09\/jardin-84-c-.jpg\"><img loading=\"lazy\" decoding=\"async\" width=\"300\" height=\"400\" src=\"http:\/\/armstrongyregion.com.ar\/diario\/wp-content\/uploads\/2023\/09\/jardin-84-c-.jpg\" alt=\"\" class=\"wp-image-40272\" srcset=\"https:\/\/armstrongyregion.com.ar\/diario\/wp-content\/uploads\/2023\/09\/jardin-84-c-.jpg 300w, https:\/\/armstrongyregion.com.ar\/diario\/wp-content\/uploads\/2023\/09\/jardin-84-c--225x300.jpg 225w\" sizes=\"auto, (max-width: 300px) 100vw, 300px\" \/><\/a><\/figure>\n\n\n\n<p>Los peque\u00f1os esperaban ansiosos la llegada de este d\u00eda, quienes se prepararon junto a sus familias para comenzar a disfrutar del calor y de los espacios al aire libre.\u00a0<\/p>\n\n\n\n<figure class=\"wp-block-image size-full\"><a href=\"http:\/\/armstrongyregion.com.ar\/diario\/wp-content\/uploads\/2023\/09\/jardin-84-b.jpg\"><img loading=\"lazy\" decoding=\"async\" width=\"384\" height=\"512\" src=\"http:\/\/armstrongyregion.com.ar\/diario\/wp-content\/uploads\/2023\/09\/jardin-84-b.jpg\" alt=\"\" class=\"wp-image-40274\" srcset=\"https:\/\/armstrongyregion.com.ar\/diario\/wp-content\/uploads\/2023\/09\/jardin-84-b.jpg 384w, https:\/\/armstrongyregion.com.ar\/diario\/wp-content\/uploads\/2023\/09\/jardin-84-b-225x300.jpg 225w\" sizes=\"auto, (max-width: 384px) 100vw, 384px\" \/><\/a><\/figure>\n\n\n\n<p>Con las bicis decoradas con flores y globos de colores, los ni\u00f1os partieron del Jard\u00edn 84, tomando calle Fischer hasta el Buey de la Plaza Flotron y regresaron por el mismo recorrido hasta el parque Bracito Fuerte, donde cantaron una canci\u00f3n de bienvenida a la primavera, acompa\u00f1ada con maracas realizadas junto a papis y mamis. Luego compartieron un picnic y la Calesita estuvo disponible para ellos, quienes la disfrutaron con mucha alegr\u00eda.<\/p>\n","protected":false},"excerpt":{"rendered":"<p>El jard\u00edn de infantes N\u00b0 84 \u00abEl Aromo\u00bb festej\u00f3 la llegada de la primavera con una colorida bicicleteada que cont\u00f3 con la presencia de todos sus alumnos, acompa\u00f1ados por sus familias y cuerpo docente. Los peque\u00f1os esperaban ansiosos la llegada de este d\u00eda, quienes se prepararon junto a sus familias para comenzar a disfrutar del <a href=\"https:\/\/armstrongyregion.com.ar\/diario\/el-jardin-n-84-el-aromo-festejo-el-dia-de-la-primavera\/\" title=\"Read more\" >&#8230;<\/a><\/p>\n","protected":false},"author":1,"featured_media":40273,"comment_status":"open","ping_status":"open","sticky":false,"template":"","format":"image","meta":{"_jetpack_memberships_contains_paid_content":false,"footnotes":"","jetpack_publicize_message":"","jetpack_publicize_feature_enabled":true,"jetpack_social_post_already_shared":true,"jetpack_social_options":{"image_generator_settings":{"template":"highway","default_image_id":0,"enabled":false},"version":2}},"categories":[8,1,2,7,3],"tags":[2251,9825,19,8609,16,8656,9824,31,2793],"class_list":["post-40271","post","type-post","status-publish","format-image","has-post-thumbnail","hentry","category-deliberando","category-diario-armstrong","category-locales","category-politica","category-region","tag-2251","tag-aromo","tag-de","tag-dia-2","tag-el","tag-festejo-2","tag-jardin-2","tag-la","tag-primavera","post_format-post-format-image"],"jetpack_publicize_connections":[],"jetpack_featured_media_url":"https:\/\/armstrongyregion.com.ar\/diario\/wp-content\/uploads\/2023\/09\/jardon-84-a-.jpg","jetpack_shortlink":"https:\/\/wp.me\/p62QDO-atx","jetpack_sharing_enabled":true,"amp_enabled":true,"_links":{"self":[{"href":"https:\/\/armstrongyregion.com.ar\/diario\/wp-json\/wp\/v2\/posts\/40271","targetHints":{"allow":["GET"]}}],"collection":[{"href":"https:\/\/armstrongyregion.com.ar\/diario\/wp-json\/wp\/v2\/posts"}],"about":[{"href":"https:\/\/armstrongyregion.com.ar\/diario\/wp-json\/wp\/v2\/types\/post"}],"author":[{"embeddable":true,"href":"https:\/\/armstrongyregion.com.ar\/diario\/wp-json\/wp\/v2\/users\/1"}],"replies":[{"embeddable":true,"href":"https:\/\/armstrongyregion.com.ar\/diario\/wp-json\/wp\/v2\/comments?post=40271"}],"version-history":[{"count":3,"href":"https:\/\/armstrongyregion.com.ar\/diario\/wp-json\/wp\/v2\/posts\/40271\/revisions"}],"predecessor-version":[{"id":40277,"href":"https:\/\/armstrongyregion.com.ar\/diario\/wp-json\/wp\/v2\/posts\/40271\/revisions\/40277"}],"wp:featuredmedia":[{"embeddable":true,"href":"https:\/\/armstrongyregion.com.ar\/diario\/wp-json\/wp\/v2\/media\/40273"}],"wp:attachment":[{"href":"https:\/\/armstrongyregion.com.ar\/diario\/wp-json\/wp\/v2\/media?parent=40271"}],"wp:term":[{"taxonomy":"category","embeddable":true,"href":"https:\/\/armstrongyregion.com.ar\/diario\/wp-json\/wp\/v2\/categories?post=40271"},{"taxonomy":"post_tag","embeddable":true,"href":"https:\/\/armstrongyregion.com.ar\/diario\/wp-json\/wp\/v2\/tags?post=40271"}],"curies":[{"name":"wp","href":"https:\/\/api.w.org\/{rel}","templated":true}]}}