{"id":40245,"date":"2023-09-20T02:26:27","date_gmt":"2023-09-20T02:26:27","guid":{"rendered":"https:\/\/armstrongyregion.com.ar\/diario\/?p=40245"},"modified":"2023-09-20T02:26:30","modified_gmt":"2023-09-20T02:26:30","slug":"armstrong-recibimos-la-primavera-2023","status":"publish","type":"post","link":"https:\/\/armstrongyregion.com.ar\/diario\/armstrong-recibimos-la-primavera-2023\/","title":{"rendered":"Armstrong. Recibimos la primavera 2023."},"content":{"rendered":"\n<figure class=\"wp-block-image size-full\"><a href=\"http:\/\/armstrongyregion.com.ar\/diario\/wp-content\/uploads\/2023\/09\/primavera-19-9-23.jpg\"><img loading=\"lazy\" decoding=\"async\" width=\"320\" height=\"319\" src=\"http:\/\/armstrongyregion.com.ar\/diario\/wp-content\/uploads\/2023\/09\/primavera-19-9-23.jpg\" alt=\"\" class=\"wp-image-40246\" srcset=\"https:\/\/armstrongyregion.com.ar\/diario\/wp-content\/uploads\/2023\/09\/primavera-19-9-23.jpg 320w, https:\/\/armstrongyregion.com.ar\/diario\/wp-content\/uploads\/2023\/09\/primavera-19-9-23-300x300.jpg 300w, https:\/\/armstrongyregion.com.ar\/diario\/wp-content\/uploads\/2023\/09\/primavera-19-9-23-150x150.jpg 150w\" sizes=\"auto, (max-width: 320px) 100vw, 320px\" \/><\/a><\/figure>\n\n\n\n<p>La Municipalidad de Armstrong invita a toda la comunidad a participar de los festejos con motivo<br>de la llegada de la primavera y d\u00eda del estudiante que se realizar\u00e1 el jueves 21 de septiembre a<br>partir de las 15 hs en el parque recreativo Bracito Fuerte.<br>Se podr\u00e1 disfrutar de muy buena m\u00fasica con DJ The Five, maquillajes art\u00edsticos con \u201cJefecitos\u201d de<br>Vanina Cencha, emprendedores de la Feria Sabores y Colores Locales, y juegos inflables.<br>Ven\u00ed a pasar una tarde diferente con tus amigos y tu familia!<br>Se suspende en caso de lluvia.<\/p>\n","protected":false},"excerpt":{"rendered":"<p>La Municipalidad de Armstrong invita a toda la comunidad a participar de los festejos con motivode la llegada de la primavera y d\u00eda del estudiante que se realizar\u00e1 el jueves 21 de septiembre apartir de las 15 hs en el parque recreativo Bracito Fuerte.Se podr\u00e1 disfrutar de muy buena m\u00fasica con DJ The Five, maquillajes <a href=\"https:\/\/armstrongyregion.com.ar\/diario\/armstrong-recibimos-la-primavera-2023\/\" title=\"Read more\" >&#8230;<\/a><\/p>\n","protected":false},"author":1,"featured_media":40246,"comment_status":"open","ping_status":"open","sticky":false,"template":"","format":"image","meta":{"_jetpack_memberships_contains_paid_content":false,"footnotes":"","jetpack_publicize_message":"","jetpack_publicize_feature_enabled":true,"jetpack_social_post_already_shared":true,"jetpack_social_options":{"image_generator_settings":{"template":"highway","default_image_id":0,"enabled":false},"version":2}},"categories":[8,1,2,7,3],"tags":[8751,20,2793],"class_list":["post-40245","post","type-post","status-publish","format-image","has-post-thumbnail","hentry","category-deliberando","category-diario-armstrong","category-locales","category-politica","category-region","tag-8751","tag-armstrong","tag-primavera","post_format-post-format-image"],"jetpack_publicize_connections":[],"jetpack_featured_media_url":"https:\/\/armstrongyregion.com.ar\/diario\/wp-content\/uploads\/2023\/09\/primavera-19-9-23.jpg","jetpack_shortlink":"https:\/\/wp.me\/p62QDO-at7","jetpack_sharing_enabled":true,"amp_enabled":true,"_links":{"self":[{"href":"https:\/\/armstrongyregion.com.ar\/diario\/wp-json\/wp\/v2\/posts\/40245","targetHints":{"allow":["GET"]}}],"collection":[{"href":"https:\/\/armstrongyregion.com.ar\/diario\/wp-json\/wp\/v2\/posts"}],"about":[{"href":"https:\/\/armstrongyregion.com.ar\/diario\/wp-json\/wp\/v2\/types\/post"}],"author":[{"embeddable":true,"href":"https:\/\/armstrongyregion.com.ar\/diario\/wp-json\/wp\/v2\/users\/1"}],"replies":[{"embeddable":true,"href":"https:\/\/armstrongyregion.com.ar\/diario\/wp-json\/wp\/v2\/comments?post=40245"}],"version-history":[{"count":1,"href":"https:\/\/armstrongyregion.com.ar\/diario\/wp-json\/wp\/v2\/posts\/40245\/revisions"}],"predecessor-version":[{"id":40247,"href":"https:\/\/armstrongyregion.com.ar\/diario\/wp-json\/wp\/v2\/posts\/40245\/revisions\/40247"}],"wp:featuredmedia":[{"embeddable":true,"href":"https:\/\/armstrongyregion.com.ar\/diario\/wp-json\/wp\/v2\/media\/40246"}],"wp:attachment":[{"href":"https:\/\/armstrongyregion.com.ar\/diario\/wp-json\/wp\/v2\/media?parent=40245"}],"wp:term":[{"taxonomy":"category","embeddable":true,"href":"https:\/\/armstrongyregion.com.ar\/diario\/wp-json\/wp\/v2\/categories?post=40245"},{"taxonomy":"post_tag","embeddable":true,"href":"https:\/\/armstrongyregion.com.ar\/diario\/wp-json\/wp\/v2\/tags?post=40245"}],"curies":[{"name":"wp","href":"https:\/\/api.w.org\/{rel}","templated":true}]}}