{"id":40238,"date":"2023-09-20T02:02:28","date_gmt":"2023-09-20T02:02:28","guid":{"rendered":"https:\/\/armstrongyregion.com.ar\/diario\/?p=40238"},"modified":"2023-09-20T02:02:30","modified_gmt":"2023-09-20T02:02:30","slug":"deliberando-el-departamento-belgrano-eligio-a-un-nuevo-senador-y-es-de-armstrong","status":"publish","type":"post","link":"https:\/\/armstrongyregion.com.ar\/diario\/deliberando-el-departamento-belgrano-eligio-a-un-nuevo-senador-y-es-de-armstrong\/","title":{"rendered":"Deliberando: El Departamento Belgrano eligi\u00f3 a un nuevo senador y es de Armstrong."},"content":{"rendered":"\n<figure class=\"wp-block-image size-full\"><a href=\"http:\/\/armstrongyregion.com.ar\/diario\/wp-content\/uploads\/2023\/09\/pablo-senador-19-9.23.jpg\"><img loading=\"lazy\" decoding=\"async\" width=\"475\" height=\"405\" src=\"http:\/\/armstrongyregion.com.ar\/diario\/wp-content\/uploads\/2023\/09\/pablo-senador-19-9.23.jpg\" alt=\"\" class=\"wp-image-40239\" srcset=\"https:\/\/armstrongyregion.com.ar\/diario\/wp-content\/uploads\/2023\/09\/pablo-senador-19-9.23.jpg 475w, https:\/\/armstrongyregion.com.ar\/diario\/wp-content\/uploads\/2023\/09\/pablo-senador-19-9.23-300x256.jpg 300w\" sizes=\"auto, (max-width: 475px) 100vw, 475px\" \/><\/a><\/figure>\n\n\n\n<p>Este martes en DEIBERANDO, el electo senador departamental por Belgrano, Pablo Verdeccia, hablar\u00e1 de sus sensaciones tras el triunfo, lo que significar\u00e1 el cambio de color pol\u00edtico despu\u00e9s de tantos a\u00f1os de un\u00a0 mismo partido.<\/p>\n\n\n\n<p>El actual intendente de nuestra ciudad marc\u00f3 lo que plantear\u00e1 en sus primeras acciones en la c\u00e1mara alta de la provincia y como ser\u00e1 su relaci\u00f3n con los municipios y comunas del departamento. Hizo tambi\u00e9n un aporte de lo que significar\u00e1 que Unidos tenga mayor\u00eda en la legislatura.<\/p>\n\n\n\n<figure class=\"wp-block-image size-full\"><a href=\"http:\/\/armstrongyregion.com.ar\/diario\/wp-content\/uploads\/2023\/09\/ale-carla-.jpg\"><img loading=\"lazy\" decoding=\"async\" width=\"570\" height=\"405\" src=\"http:\/\/armstrongyregion.com.ar\/diario\/wp-content\/uploads\/2023\/09\/ale-carla-.jpg\" alt=\"\" class=\"wp-image-40240\" srcset=\"https:\/\/armstrongyregion.com.ar\/diario\/wp-content\/uploads\/2023\/09\/ale-carla-.jpg 570w, https:\/\/armstrongyregion.com.ar\/diario\/wp-content\/uploads\/2023\/09\/ale-carla--300x213.jpg 300w\" sizes=\"auto, (max-width: 570px) 100vw, 570px\" \/><\/a><\/figure>\n\n\n\n<p>Tambi\u00e9n en este programa estar\u00e1n los dos concejales electos por Unidos para el concejo amtronense, Prof. Alejandro Pertusatti y Dra. Carla Revigliono. Ambos expondr\u00e1n sensaciones y proyectos de cara al futuro del cuerpo legislativo.<\/p>\n\n\n\n<p>Todo esto este martes en DELIBERANDO, con la conducci\u00f3n de la licenciada Graciela De la Casa y Oscar Crispino.<\/p>\n\n\n\n<p>Reiteraciones Mi\u00e9rcoles 13,30hs y Domingos 12,00hs-<\/p>\n","protected":false},"excerpt":{"rendered":"<p>Este martes en DEIBERANDO, el electo senador departamental por Belgrano, Pablo Verdeccia, hablar\u00e1 de sus sensaciones tras el triunfo, lo que significar\u00e1 el cambio de color pol\u00edtico despu\u00e9s de tantos a\u00f1os de un\u00a0 mismo partido. El actual intendente de nuestra ciudad marc\u00f3 lo que plantear\u00e1 en sus primeras acciones en la c\u00e1mara alta de la <a href=\"https:\/\/armstrongyregion.com.ar\/diario\/deliberando-el-departamento-belgrano-eligio-a-un-nuevo-senador-y-es-de-armstrong\/\" title=\"Read more\" >&#8230;<\/a><\/p>\n","protected":false},"author":1,"featured_media":40239,"comment_status":"open","ping_status":"open","sticky":false,"template":"","format":"image","meta":{"_jetpack_memberships_contains_paid_content":false,"footnotes":"","jetpack_publicize_message":"","jetpack_publicize_feature_enabled":true,"jetpack_social_post_already_shared":true,"jetpack_social_options":{"image_generator_settings":{"template":"highway","default_image_id":0,"enabled":false},"version":2}},"categories":[8,1,2,7,3],"tags":[9424,9425,44,9794,1071,238],"class_list":["post-40238","post","type-post","status-publish","format-image","has-post-thumbnail","hentry","category-deliberando","category-diario-armstrong","category-locales","category-politica","category-region","tag-alejandro-pertusati","tag-carla-revigliono","tag-deliberando-2","tag-dr-pablo-verdecchia","tag-electo","tag-senador","post_format-post-format-image"],"jetpack_publicize_connections":[],"jetpack_featured_media_url":"https:\/\/armstrongyregion.com.ar\/diario\/wp-content\/uploads\/2023\/09\/pablo-senador-19-9.23.jpg","jetpack_shortlink":"https:\/\/wp.me\/p62QDO-at0","jetpack_sharing_enabled":true,"amp_enabled":true,"_links":{"self":[{"href":"https:\/\/armstrongyregion.com.ar\/diario\/wp-json\/wp\/v2\/posts\/40238","targetHints":{"allow":["GET"]}}],"collection":[{"href":"https:\/\/armstrongyregion.com.ar\/diario\/wp-json\/wp\/v2\/posts"}],"about":[{"href":"https:\/\/armstrongyregion.com.ar\/diario\/wp-json\/wp\/v2\/types\/post"}],"author":[{"embeddable":true,"href":"https:\/\/armstrongyregion.com.ar\/diario\/wp-json\/wp\/v2\/users\/1"}],"replies":[{"embeddable":true,"href":"https:\/\/armstrongyregion.com.ar\/diario\/wp-json\/wp\/v2\/comments?post=40238"}],"version-history":[{"count":1,"href":"https:\/\/armstrongyregion.com.ar\/diario\/wp-json\/wp\/v2\/posts\/40238\/revisions"}],"predecessor-version":[{"id":40241,"href":"https:\/\/armstrongyregion.com.ar\/diario\/wp-json\/wp\/v2\/posts\/40238\/revisions\/40241"}],"wp:featuredmedia":[{"embeddable":true,"href":"https:\/\/armstrongyregion.com.ar\/diario\/wp-json\/wp\/v2\/media\/40239"}],"wp:attachment":[{"href":"https:\/\/armstrongyregion.com.ar\/diario\/wp-json\/wp\/v2\/media?parent=40238"}],"wp:term":[{"taxonomy":"category","embeddable":true,"href":"https:\/\/armstrongyregion.com.ar\/diario\/wp-json\/wp\/v2\/categories?post=40238"},{"taxonomy":"post_tag","embeddable":true,"href":"https:\/\/armstrongyregion.com.ar\/diario\/wp-json\/wp\/v2\/tags?post=40238"}],"curies":[{"name":"wp","href":"https:\/\/api.w.org\/{rel}","templated":true}]}}