{"id":40234,"date":"2023-09-20T01:53:38","date_gmt":"2023-09-20T01:53:38","guid":{"rendered":"https:\/\/armstrongyregion.com.ar\/diario\/?p=40234"},"modified":"2023-09-20T01:53:39","modified_gmt":"2023-09-20T01:53:39","slug":"armstrong-convocatoria-de-profesionales-para-el-dictado-de-clases-utn","status":"publish","type":"post","link":"https:\/\/armstrongyregion.com.ar\/diario\/armstrong-convocatoria-de-profesionales-para-el-dictado-de-clases-utn\/","title":{"rendered":"Armstrong. Convocatoria de profesionales para el dictado de clases UTN."},"content":{"rendered":"\n<figure class=\"wp-block-image size-full\"><a href=\"http:\/\/armstrongyregion.com.ar\/diario\/wp-content\/uploads\/2023\/09\/convocatoria-profesionales.1.jpg\"><img loading=\"lazy\" decoding=\"async\" width=\"567\" height=\"800\" src=\"http:\/\/armstrongyregion.com.ar\/diario\/wp-content\/uploads\/2023\/09\/convocatoria-profesionales.1.jpg\" alt=\"\" class=\"wp-image-40235\" srcset=\"https:\/\/armstrongyregion.com.ar\/diario\/wp-content\/uploads\/2023\/09\/convocatoria-profesionales.1.jpg 567w, https:\/\/armstrongyregion.com.ar\/diario\/wp-content\/uploads\/2023\/09\/convocatoria-profesionales.1-213x300.jpg 213w\" sizes=\"auto, (max-width: 567px) 100vw, 567px\" \/><\/a><\/figure>\n\n\n\n<p>La Municipalidad de Armstrong y UTN abren la convocatoria de profesionales para el dictado de clases, Contador, Psic\u00f3logo, Abogado, M\u00e9dico Laboral, Lic. en Recursos Humanos, Lic. en Estad\u00edstica, Lic. en Higiene y Seguridad, Lic. en Administraci\u00f3n de Empresas, Profesor de Qu\u00edmica, F\u00edsica y Matem\u00e1ticas, Profesor de Ingl\u00e9s o Traductor, Ing. Industrial, Civil, Mec\u00e1nico, El\u00e9ctrico, Qu\u00edmico y Agr\u00f3nomo. Analista e Ingeniero en Sistemas.<\/p>\n\n\n\n<p>Consultas e Inscripci\u00f3n hasta el 26 de Septiembre. <\/p>\n\n\n\n<p>03471- 156-80127.<\/p>\n\n\n\n<figure class=\"wp-block-image size-full\"><a href=\"http:\/\/armstrongyregion.com.ar\/diario\/wp-content\/uploads\/2023\/09\/convicatoria-profesionales-2.jpg\"><img loading=\"lazy\" decoding=\"async\" width=\"320\" height=\"320\" src=\"http:\/\/armstrongyregion.com.ar\/diario\/wp-content\/uploads\/2023\/09\/convicatoria-profesionales-2.jpg\" alt=\"\" class=\"wp-image-40236\" srcset=\"https:\/\/armstrongyregion.com.ar\/diario\/wp-content\/uploads\/2023\/09\/convicatoria-profesionales-2.jpg 320w, https:\/\/armstrongyregion.com.ar\/diario\/wp-content\/uploads\/2023\/09\/convicatoria-profesionales-2-300x300.jpg 300w, https:\/\/armstrongyregion.com.ar\/diario\/wp-content\/uploads\/2023\/09\/convicatoria-profesionales-2-150x150.jpg 150w\" sizes=\"auto, (max-width: 320px) 100vw, 320px\" \/><\/a><\/figure>\n","protected":false},"excerpt":{"rendered":"<p>La Municipalidad de Armstrong y UTN abren la convocatoria de profesionales para el dictado de clases, Contador, Psic\u00f3logo, Abogado, M\u00e9dico Laboral, Lic. en Recursos Humanos, Lic. en Estad\u00edstica, Lic. en Higiene y Seguridad, Lic. en Administraci\u00f3n de Empresas, Profesor de Qu\u00edmica, F\u00edsica y Matem\u00e1ticas, Profesor de Ingl\u00e9s o Traductor, Ing. Industrial, Civil, Mec\u00e1nico, El\u00e9ctrico, Qu\u00edmico <a href=\"https:\/\/armstrongyregion.com.ar\/diario\/armstrong-convocatoria-de-profesionales-para-el-dictado-de-clases-utn\/\" title=\"Read more\" >&#8230;<\/a><\/p>\n","protected":false},"author":1,"featured_media":40235,"comment_status":"open","ping_status":"open","sticky":false,"template":"","format":"image","meta":{"_jetpack_memberships_contains_paid_content":false,"footnotes":"","jetpack_publicize_message":"","jetpack_publicize_feature_enabled":true,"jetpack_social_post_already_shared":true,"jetpack_social_options":{"image_generator_settings":{"template":"highway","default_image_id":0,"enabled":false},"version":2}},"categories":[8,1,2,7,3],"tags":[451,19,3852,9379],"class_list":["post-40234","post","type-post","status-publish","format-image","has-post-thumbnail","hentry","category-deliberando","category-diario-armstrong","category-locales","category-politica","category-region","tag-convocatoria","tag-de","tag-profesionales","tag-utn","post_format-post-format-image"],"jetpack_publicize_connections":[],"jetpack_featured_media_url":"https:\/\/armstrongyregion.com.ar\/diario\/wp-content\/uploads\/2023\/09\/convocatoria-profesionales.1.jpg","jetpack_shortlink":"https:\/\/wp.me\/p62QDO-asW","jetpack_sharing_enabled":true,"amp_enabled":true,"_links":{"self":[{"href":"https:\/\/armstrongyregion.com.ar\/diario\/wp-json\/wp\/v2\/posts\/40234","targetHints":{"allow":["GET"]}}],"collection":[{"href":"https:\/\/armstrongyregion.com.ar\/diario\/wp-json\/wp\/v2\/posts"}],"about":[{"href":"https:\/\/armstrongyregion.com.ar\/diario\/wp-json\/wp\/v2\/types\/post"}],"author":[{"embeddable":true,"href":"https:\/\/armstrongyregion.com.ar\/diario\/wp-json\/wp\/v2\/users\/1"}],"replies":[{"embeddable":true,"href":"https:\/\/armstrongyregion.com.ar\/diario\/wp-json\/wp\/v2\/comments?post=40234"}],"version-history":[{"count":1,"href":"https:\/\/armstrongyregion.com.ar\/diario\/wp-json\/wp\/v2\/posts\/40234\/revisions"}],"predecessor-version":[{"id":40237,"href":"https:\/\/armstrongyregion.com.ar\/diario\/wp-json\/wp\/v2\/posts\/40234\/revisions\/40237"}],"wp:featuredmedia":[{"embeddable":true,"href":"https:\/\/armstrongyregion.com.ar\/diario\/wp-json\/wp\/v2\/media\/40235"}],"wp:attachment":[{"href":"https:\/\/armstrongyregion.com.ar\/diario\/wp-json\/wp\/v2\/media?parent=40234"}],"wp:term":[{"taxonomy":"category","embeddable":true,"href":"https:\/\/armstrongyregion.com.ar\/diario\/wp-json\/wp\/v2\/categories?post=40234"},{"taxonomy":"post_tag","embeddable":true,"href":"https:\/\/armstrongyregion.com.ar\/diario\/wp-json\/wp\/v2\/tags?post=40234"}],"curies":[{"name":"wp","href":"https:\/\/api.w.org\/{rel}","templated":true}]}}