{"id":40219,"date":"2023-09-19T01:47:20","date_gmt":"2023-09-19T01:47:20","guid":{"rendered":"https:\/\/armstrongyregion.com.ar\/diario\/?p=40219"},"modified":"2023-09-19T01:47:23","modified_gmt":"2023-09-19T01:47:23","slug":"las-parejas-tragico-suceso-un-hombre-se-quito-la-vida","status":"publish","type":"post","link":"https:\/\/armstrongyregion.com.ar\/diario\/las-parejas-tragico-suceso-un-hombre-se-quito-la-vida\/","title":{"rendered":"Las Parejas.\u00a0Tr\u00e1gico suceso, un hombre se quit\u00f3 la vida."},"content":{"rendered":"\n<figure class=\"wp-block-image size-full\"><a href=\"http:\/\/armstrongyregion.com.ar\/diario\/wp-content\/uploads\/2023\/09\/suicidio136.jpg\"><img loading=\"lazy\" decoding=\"async\" width=\"512\" height=\"384\" src=\"http:\/\/armstrongyregion.com.ar\/diario\/wp-content\/uploads\/2023\/09\/suicidio136.jpg\" alt=\"\" class=\"wp-image-40220\" srcset=\"https:\/\/armstrongyregion.com.ar\/diario\/wp-content\/uploads\/2023\/09\/suicidio136.jpg 512w, https:\/\/armstrongyregion.com.ar\/diario\/wp-content\/uploads\/2023\/09\/suicidio136-300x225.jpg 300w\" sizes=\"auto, (max-width: 512px) 100vw, 512px\" \/><\/a><\/figure>\n\n\n\n<h2 class=\"wp-block-heading\"><em>El hombre tom\u00f3 la dr\u00e1stica decisi\u00f3n de terminar con su vida en la ma\u00f1ana de este lunes en un comercio.<\/em><\/h2>\n\n\n\n<p>Una tragedia conmocion\u00f3 a la comunidad, esta ma\u00f1ana los servicios de emergencia fueron convocados tras escuchar la detonaci\u00f3n de un arma de fuego.<\/p>\n\n\n\n<p>Las autoridades encontraron al masculino sin vida dentro del comercio que alquilaba.<\/p>\n\n\n\n<p>El incidente, caratulado como un aparente suicidio, tuvo lugar en avda. 13 y cortada 6 .<\/p>\n","protected":false},"excerpt":{"rendered":"<p>El hombre tom\u00f3 la dr\u00e1stica decisi\u00f3n de terminar con su vida en la ma\u00f1ana de este lunes en un comercio. Una tragedia conmocion\u00f3 a la comunidad, esta ma\u00f1ana los servicios de emergencia fueron convocados tras escuchar la detonaci\u00f3n de un arma de fuego. Las autoridades encontraron al masculino sin vida dentro del comercio que alquilaba. <a href=\"https:\/\/armstrongyregion.com.ar\/diario\/las-parejas-tragico-suceso-un-hombre-se-quito-la-vida\/\" title=\"Read more\" >&#8230;<\/a><\/p>\n","protected":false},"author":1,"featured_media":40220,"comment_status":"open","ping_status":"open","sticky":false,"template":"","format":"image","meta":{"_jetpack_memberships_contains_paid_content":false,"footnotes":"","jetpack_publicize_message":"","jetpack_publicize_feature_enabled":true,"jetpack_social_post_already_shared":true,"jetpack_social_options":{"image_generator_settings":{"template":"highway","default_image_id":0,"enabled":false},"version":2}},"categories":[8,1,3],"tags":[4004,31,509,86,192],"class_list":["post-40219","post","type-post","status-publish","format-image","has-post-thumbnail","hentry","category-deliberando","category-diario-armstrong","category-region","tag-hombre","tag-la","tag-las-parejas","tag-se","tag-un","post_format-post-format-image"],"jetpack_publicize_connections":[],"jetpack_featured_media_url":"https:\/\/armstrongyregion.com.ar\/diario\/wp-content\/uploads\/2023\/09\/suicidio136.jpg","jetpack_shortlink":"https:\/\/wp.me\/p62QDO-asH","jetpack_sharing_enabled":true,"amp_enabled":true,"_links":{"self":[{"href":"https:\/\/armstrongyregion.com.ar\/diario\/wp-json\/wp\/v2\/posts\/40219","targetHints":{"allow":["GET"]}}],"collection":[{"href":"https:\/\/armstrongyregion.com.ar\/diario\/wp-json\/wp\/v2\/posts"}],"about":[{"href":"https:\/\/armstrongyregion.com.ar\/diario\/wp-json\/wp\/v2\/types\/post"}],"author":[{"embeddable":true,"href":"https:\/\/armstrongyregion.com.ar\/diario\/wp-json\/wp\/v2\/users\/1"}],"replies":[{"embeddable":true,"href":"https:\/\/armstrongyregion.com.ar\/diario\/wp-json\/wp\/v2\/comments?post=40219"}],"version-history":[{"count":2,"href":"https:\/\/armstrongyregion.com.ar\/diario\/wp-json\/wp\/v2\/posts\/40219\/revisions"}],"predecessor-version":[{"id":40222,"href":"https:\/\/armstrongyregion.com.ar\/diario\/wp-json\/wp\/v2\/posts\/40219\/revisions\/40222"}],"wp:featuredmedia":[{"embeddable":true,"href":"https:\/\/armstrongyregion.com.ar\/diario\/wp-json\/wp\/v2\/media\/40220"}],"wp:attachment":[{"href":"https:\/\/armstrongyregion.com.ar\/diario\/wp-json\/wp\/v2\/media?parent=40219"}],"wp:term":[{"taxonomy":"category","embeddable":true,"href":"https:\/\/armstrongyregion.com.ar\/diario\/wp-json\/wp\/v2\/categories?post=40219"},{"taxonomy":"post_tag","embeddable":true,"href":"https:\/\/armstrongyregion.com.ar\/diario\/wp-json\/wp\/v2\/tags?post=40219"}],"curies":[{"name":"wp","href":"https:\/\/api.w.org\/{rel}","templated":true}]}}