{"id":4021,"date":"2015-09-11T16:04:21","date_gmt":"2015-09-11T16:04:21","guid":{"rendered":"https:\/\/armstrongyregion.com.ar\/diario\/?p=4021"},"modified":"2015-09-11T16:04:21","modified_gmt":"2015-09-11T16:04:21","slug":"uocra-contundente-reclamo-por-la-seguridad-y-la-vida-frente-a-gobernacion","status":"publish","type":"post","link":"https:\/\/armstrongyregion.com.ar\/diario\/uocra-contundente-reclamo-por-la-seguridad-y-la-vida-frente-a-gobernacion\/","title":{"rendered":"UOCRA. Contundente reclamo por la seguridad y la vida frente a Gobernaci\u00f3n."},"content":{"rendered":"<p><a href=\"http:\/\/armstrongyregion.com.ar\/diario\/wp-content\/uploads\/2015\/09\/acto-plaza.jpg\"><img loading=\"lazy\" decoding=\"async\" class=\"alignnone size-medium wp-image-4022\" src=\"http:\/\/armstrongyregion.com.ar\/diario\/wp-content\/uploads\/2015\/09\/acto-plaza-300x225.jpg\" alt=\"acto plaza\" width=\"300\" height=\"225\" srcset=\"https:\/\/armstrongyregion.com.ar\/diario\/wp-content\/uploads\/2015\/09\/acto-plaza-300x225.jpg 300w, https:\/\/armstrongyregion.com.ar\/diario\/wp-content\/uploads\/2015\/09\/acto-plaza-1024x768.jpg 1024w\" sizes=\"auto, (max-width: 300px) 100vw, 300px\" \/><\/a>Con m\u00e1s de 2.000 trabajadores de la construcci\u00f3n concentrados en plaza San Mart\u00edn, la Uocra exigi\u00f3 a las autoridades gubernamentales \u201cacciones concretas\u201d para frenar los hechos de robo y violencia en Rosario y la regi\u00f3n. Junto a entidades del sector, gremios y familiares de v\u00edctimas de la inseguridad, se ley\u00f3 un comunicado en el que se llam\u00f3 a los ciudadanos a sumarse al reclamo y entregaron un petitorio dirigido al gobernador.<br \/>\nLa seccional local de la Uni\u00f3n Obrera de la Construcci\u00f3n (UOCRA) llev\u00f3 a cabo este jueves por la ma\u00f1ana una masiva movilizaci\u00f3n a la sede de Gobernaci\u00f3n de Rosario para exigir a las autoridades \u201cmedidas concretas\u201d frente a la ola de robos y hechos violentos que vienen padeciendo los trabajadores del sector y la ciudadan\u00eda en su conjunto. Al t\u00e9rmino del acto central, donde se leyeron los comunicados del gremio, del Colegio de Arquitectos y de Familiares de V\u00edctimas de Rosario y la Regi\u00f3n, pidieron formalmente una reuni\u00f3n con el gobernador.<br \/>\nLa manifestaci\u00f3n comenz\u00f3 cerca de las 8 de la ma\u00f1ana con la llegada de las primeras columnas de trabajadores de la construcci\u00f3n concentr\u00e1ndose en la plaza San Mart\u00edn. Para las 9, poco antes de que dar comienzo al acto central, eran m\u00e1s de 2.000 los obreros que se mezclaban con delegados de otros gremios y representantes de entidades como la C\u00e1mara Argentina de la Construcci\u00f3n (CAC), la Asociaci\u00f3n Empresaria de la Vivienda (AEV) y el Colegio de Arquitectos.<br \/>\nSobre el escenario, montado sobre un acoplado estacionado sobre calle Santa Fe entre Moreno y Dorrego (frente a la plaza y en las escalinatas del edificio de Gobernaci\u00f3n), un grupo de familiares de v\u00edctimas de la inseguridad exhib\u00edan sus remeras y pancartas con las fotos de sus seres queridos y consignas que ped\u00edan por seguridad y justicia.<br \/>\nPoco antes de que un locutor tomara la palabra para leer los comunicados, el secretario general de la UOCRA Rosario, Carlos Vergara, dialog\u00f3 con la prensa y explic\u00f3 el sentido de la movilizaci\u00f3n, que es la segunda que llevan adelante en reclamo por seguridad desde la reciente muerte a manos de delincuentes del arquitecto Sandro Procopio.<br \/>\n\u201cSentimos que desde que pas\u00f3 ese lamentable hecho hasta ahora las respuestas de las autoridades ha sido nula. Parece que no pas\u00f3 nada, no vimos una sola se\u00f1al de cambio en materia de seguridad. Por eso estamos ac\u00e1 para expresar junto al resto de los ciudadanos el hartazgo por sentirnos indefensos. No queremos m\u00e1s trabajadores muertos o v\u00edctimas de robo\u201d, expres\u00f3 el dirigente.<br \/>\nConsultado sobre la reuni\u00f3n prevista para ma\u00f1ana con el ministro de Seguridad Ra\u00fal Lamberto, Vergara dej\u00f3 en claro que su gremio no concurrir\u00e1 a ese encuentro si no le garantizan que all\u00ed estar\u00e1 presente el gobernador Antonio Bonfatti.<br \/>\n\u201cLa soluci\u00f3n a la problem\u00e1tica de la inseguridad es pol\u00edtica. Si no est\u00e1 el gobernador no tiene sentido que vayamos. Queremos saber qu\u00e9 proyecto tienen y qu\u00e9 est\u00e1n haciendo para que la gente vaya a trabajar sin tener que estar pensando si vuelve o no a su casa\u201d, afirm\u00f3.<br \/>\nEn el acto central, flanqueado por las autoridades convocantes y familiares de v\u00edctimas, un locutor ley\u00f3 las adhesiones a este reclamo que hac\u00edan llegar entidades como la Federaci\u00f3n Agraria Argentina (FAA), la Asociaci\u00f3n Bancaria de Rosario, el Sindicato de Municipales, la Asociaci\u00f3n Empresaria de Rosario, y el Movimiento Sindical Rosarino, entre otros.<br \/>\nTras eso, un cerrado aplauso precedi\u00f3 la lectura del comunicado de la UOCRA. En el mismo, el gremio destac\u00f3 que as\u00ed como en otras oportunidades se manifest\u00f3 por la falta de trabajo o para mejorar las condiciones laborales de los trabajadores, hoy lo hace \u201ca favor de la vida, del trabajo y la necesidad de estar seguros cuando salimos a la ma\u00f1ana a trabajar\u201d.<br \/>\n\u201cLas calles son tierra de nadie y los trabajadores de la construcci\u00f3n, como del resto de las actividades, son blancos de robos violentos. No podemos vivir sin saber si volvemos o no a nuestras casas y por eso queremos manifestar nuestra preocupaci\u00f3n y advertirles a las autoridades que estamos esperando alg\u00fan tipo de respuesta concreta\u201d, se ley\u00f3 en el comunicado.<br \/>\nEn otro p\u00e1rrafo instaron a las autoridades a que \u201casuman sus responsabilidades y cumplan con las obligaciones que le corresponden de acuerdo al rol que han aceptado cumplir y para los cuales han sido elegidos y designados\u201d.<br \/>\nEl comunicado de la UOCRA cerr\u00f3 con la afirmaci\u00f3n de que la sociedad rosarina \u201cse est\u00e1 disgregando\u201d y con la advertencia a las autoridades de gobierno de que aunque contar\u00e1n con el apoyo del gremio \u201cpara la dif\u00edcil tarea por delante de recuperar las condiciones b\u00e1sicas de la convivencia social\u201d, de la misma manera sostendr\u00e1n el reclamo \u201cpara lograr recuperar la paz que merecemos como personas y ciudadanos\u201d.<br \/>\nEn el mismo sentido se manifestaron con sus respectivos comunicados el Colegio de Arquitectos y los Familiares de V\u00edctimas. \u00c9stos \u00faltimos centraron sus cr\u00edticas en la falta de justicia para los numerosos casos de homicidios y repartieron responsabilidades entre todos los poderes del Estado.<br \/>\nPor otra parte, los familiares tambi\u00e9n se\u00f1alaron que \u201cla sociedad no est\u00e1 unida\u201d y que el famoso lema del no te metas \u201ccondena al sufrimiento de haber perdido un ser querido sin haber luchado en la prevenci\u00f3n para que no ocurra\u201d. \u201cNo queremos una Rosario dormida y atada. Queremos mostrarle a nuestros hijos que lo podemos solucionar creciendo juntos en comunidad\u201d, cerraron.<br \/>\nCon un efusivo aplauso y al grito de \u201cJusticia\u201d, antes de desconcentrarse en forma pac\u00edfica, los trabajadores de la construcci\u00f3n acompa\u00f1aron a su conductor, Carlos Vergara, hasta una puerta lateral del edificio de Gobernaci\u00f3n para entregar un petitorio dirigido al gobernador. El dirigente ingres\u00f3 a la sede gubernamental acompa\u00f1ado por familiares de v\u00edctimas y reiter\u00f3 su intenci\u00f3n de concretar para ma\u00f1ana una reuni\u00f3n con el mandatario.<\/p>\n","protected":false},"excerpt":{"rendered":"<p>Con m\u00e1s de 2.000 trabajadores de la construcci\u00f3n concentrados en plaza San Mart\u00edn, la Uocra exigi\u00f3 a las autoridades gubernamentales \u201cacciones concretas\u201d para frenar los hechos de robo y violencia en Rosario y la regi\u00f3n. Junto a entidades del sector, gremios y familiares de v\u00edctimas de la inseguridad, se ley\u00f3 un comunicado en el que <a href=\"https:\/\/armstrongyregion.com.ar\/diario\/uocra-contundente-reclamo-por-la-seguridad-y-la-vida-frente-a-gobernacion\/\" title=\"Read more\" >&#8230;<\/a><\/p>\n","protected":false},"author":2,"featured_media":4022,"comment_status":"open","ping_status":"open","sticky":false,"template":"","format":"standard","meta":{"_jetpack_memberships_contains_paid_content":false,"footnotes":"","jetpack_publicize_message":"","jetpack_publicize_feature_enabled":true,"jetpack_social_post_already_shared":false,"jetpack_social_options":{"image_generator_settings":{"template":"highway","default_image_id":0,"enabled":false},"version":2}},"categories":[1,7,3],"tags":[33,2722,257,2723,31,60,166,453,2721,456,13],"class_list":["post-4021","post","type-post","status-publish","format-standard","has-post-thumbnail","hentry","category-diario-armstrong","category-politica","category-region","tag-a","tag-contundente","tag-frente","tag-gobernacion","tag-la","tag-por","tag-reclamo","tag-seguridad","tag-uocra","tag-vida","tag-y"],"jetpack_publicize_connections":[],"jetpack_featured_media_url":"https:\/\/armstrongyregion.com.ar\/diario\/wp-content\/uploads\/2015\/09\/acto-plaza.jpg","jetpack_shortlink":"https:\/\/wp.me\/p62QDO-12R","jetpack_sharing_enabled":true,"amp_enabled":true,"_links":{"self":[{"href":"https:\/\/armstrongyregion.com.ar\/diario\/wp-json\/wp\/v2\/posts\/4021","targetHints":{"allow":["GET"]}}],"collection":[{"href":"https:\/\/armstrongyregion.com.ar\/diario\/wp-json\/wp\/v2\/posts"}],"about":[{"href":"https:\/\/armstrongyregion.com.ar\/diario\/wp-json\/wp\/v2\/types\/post"}],"author":[{"embeddable":true,"href":"https:\/\/armstrongyregion.com.ar\/diario\/wp-json\/wp\/v2\/users\/2"}],"replies":[{"embeddable":true,"href":"https:\/\/armstrongyregion.com.ar\/diario\/wp-json\/wp\/v2\/comments?post=4021"}],"version-history":[{"count":0,"href":"https:\/\/armstrongyregion.com.ar\/diario\/wp-json\/wp\/v2\/posts\/4021\/revisions"}],"wp:featuredmedia":[{"embeddable":true,"href":"https:\/\/armstrongyregion.com.ar\/diario\/wp-json\/wp\/v2\/media\/4022"}],"wp:attachment":[{"href":"https:\/\/armstrongyregion.com.ar\/diario\/wp-json\/wp\/v2\/media?parent=4021"}],"wp:term":[{"taxonomy":"category","embeddable":true,"href":"https:\/\/armstrongyregion.com.ar\/diario\/wp-json\/wp\/v2\/categories?post=4021"},{"taxonomy":"post_tag","embeddable":true,"href":"https:\/\/armstrongyregion.com.ar\/diario\/wp-json\/wp\/v2\/tags?post=4021"}],"curies":[{"name":"wp","href":"https:\/\/api.w.org\/{rel}","templated":true}]}}