{"id":40178,"date":"2023-09-13T21:18:17","date_gmt":"2023-09-13T21:18:17","guid":{"rendered":"https:\/\/armstrongyregion.com.ar\/diario\/?p=40178"},"modified":"2023-09-13T21:18:19","modified_gmt":"2023-09-13T21:18:19","slug":"pertusati-es-un-premio-a-la-gran-gestion-del-dr-pablo-verdecchia","status":"publish","type":"post","link":"https:\/\/armstrongyregion.com.ar\/diario\/pertusati-es-un-premio-a-la-gran-gestion-del-dr-pablo-verdecchia\/","title":{"rendered":"Pertusati: \u00abEs un premio a la gran gesti\u00f3n del Dr. Pablo Verdecchia\u00bb."},"content":{"rendered":"\n<figure class=\"wp-block-image size-full\"><a href=\"http:\/\/armstrongyregion.com.ar\/diario\/wp-content\/uploads\/2023\/04\/Ale-Pertu-04-23-.jpg\"><img loading=\"lazy\" decoding=\"async\" width=\"471\" height=\"375\" src=\"http:\/\/armstrongyregion.com.ar\/diario\/wp-content\/uploads\/2023\/04\/Ale-Pertu-04-23-.jpg\" alt=\"\" class=\"wp-image-38132\" srcset=\"https:\/\/armstrongyregion.com.ar\/diario\/wp-content\/uploads\/2023\/04\/Ale-Pertu-04-23-.jpg 471w, https:\/\/armstrongyregion.com.ar\/diario\/wp-content\/uploads\/2023\/04\/Ale-Pertu-04-23--300x239.jpg 300w\" sizes=\"auto, (max-width: 471px) 100vw, 471px\" \/><\/a><\/figure>\n\n\n\n<p> <h1>Al t\u00e9rmino de la sesi\u00f3n ordinaria del d\u00eda martes, los medios locales le solicitaron un balance de las elecciones generales a los concejales.<\/h1>    <\/p>\n\n\n\n<h1 class=\"wp-block-heading\">En este caso el Prof. Alejandro Pertusati respondi\u00f3: \u201cHa sido una elecci\u00f3n hist\u00f3rica, luego de 60 a\u00f1os el partido ha podido tener un Gobernador Radical, creo que la figura de Maximiliano Pullaro ha abarcado lo que pide el pueblo santafesino, que lo ha conocido en estos cuatro a\u00f1os, ya que ha recorrido muchas veces nuestras comunas y ciudades, con un mensaje muy claro, trabajar en Educaci\u00f3n, Seguridad y Salud, \u00e9stos han sido tres puntos que el actual gobierno de Omar Perotti, ha dejado olvidados y descuidados a docentes, polic\u00edas y personal m\u00e9dico\u201d.<\/h1>\n\n\n\n<h1 class=\"wp-block-heading\">Luego a\u00f1adi\u00f3: \u201cLa lista de Diputados encabezada por Clara Garc\u00eda, tambi\u00e9n ha sido la m\u00e1s votada. Y ni hablar de nuestro candidato a Senador, es un gran premio a una gran gesti\u00f3n, como lo es la de nuestro actual intendente, Pablo Verdecchia, \u00e9l siempre nos dice que no es una gesti\u00f3n de \u00e9l sino de un gran equipo, siempre se ha manejado as\u00ed\u201d.<\/h1>\n\n\n\n<h1 class=\"wp-block-heading\">\u201c Con respecto a nuestra elecci\u00f3n conjuntamente con Carla Revigliono hemos tenido una campa\u00f1a puerta a puerta, mirando a los vecinos a los ojos, hemos logrado dos bancas de tres que hab\u00eda en juego. Y creo que mi coequiper le dara fescura, una cuota de profesionalismo y como prometimos en campa\u00f1a venimos a levantar la vara con muchos proyectos que ya tenemos en agenda\u201d.<\/h1>\n","protected":false},"excerpt":{"rendered":"<p>Al t\u00e9rmino de la sesi\u00f3n ordinaria del d\u00eda martes, los medios locales le solicitaron un balance de las elecciones generales a los concejales. En este caso el Prof. Alejandro Pertusati respondi\u00f3: \u201cHa sido una elecci\u00f3n hist\u00f3rica, luego de 60 a\u00f1os el partido ha podido tener un Gobernador Radical, creo que la figura de Maximiliano Pullaro <a href=\"https:\/\/armstrongyregion.com.ar\/diario\/pertusati-es-un-premio-a-la-gran-gestion-del-dr-pablo-verdecchia\/\" title=\"Read more\" >&#8230;<\/a><\/p>\n","protected":false},"author":1,"featured_media":38132,"comment_status":"open","ping_status":"open","sticky":false,"template":"","format":"image","meta":{"_jetpack_memberships_contains_paid_content":false,"footnotes":"","jetpack_publicize_message":"","jetpack_publicize_feature_enabled":true,"jetpack_social_post_already_shared":true,"jetpack_social_options":{"image_generator_settings":{"template":"highway","default_image_id":0,"enabled":false},"version":2}},"categories":[8,1,2,7,3],"tags":[53,9794,139,1297,405,31,6961,2922,192],"class_list":["post-40178","post","type-post","status-publish","format-image","has-post-thumbnail","hentry","category-deliberando","category-diario-armstrong","category-locales","category-politica","category-region","tag-del","tag-dr-pablo-verdecchia","tag-es","tag-gestion","tag-gran","tag-la","tag-pertusati","tag-premio","tag-un","post_format-post-format-image"],"jetpack_publicize_connections":[],"jetpack_featured_media_url":"https:\/\/armstrongyregion.com.ar\/diario\/wp-content\/uploads\/2023\/04\/Ale-Pertu-04-23-.jpg","jetpack_shortlink":"https:\/\/wp.me\/p62QDO-as2","jetpack_sharing_enabled":true,"amp_enabled":true,"_links":{"self":[{"href":"https:\/\/armstrongyregion.com.ar\/diario\/wp-json\/wp\/v2\/posts\/40178","targetHints":{"allow":["GET"]}}],"collection":[{"href":"https:\/\/armstrongyregion.com.ar\/diario\/wp-json\/wp\/v2\/posts"}],"about":[{"href":"https:\/\/armstrongyregion.com.ar\/diario\/wp-json\/wp\/v2\/types\/post"}],"author":[{"embeddable":true,"href":"https:\/\/armstrongyregion.com.ar\/diario\/wp-json\/wp\/v2\/users\/1"}],"replies":[{"embeddable":true,"href":"https:\/\/armstrongyregion.com.ar\/diario\/wp-json\/wp\/v2\/comments?post=40178"}],"version-history":[{"count":1,"href":"https:\/\/armstrongyregion.com.ar\/diario\/wp-json\/wp\/v2\/posts\/40178\/revisions"}],"predecessor-version":[{"id":40179,"href":"https:\/\/armstrongyregion.com.ar\/diario\/wp-json\/wp\/v2\/posts\/40178\/revisions\/40179"}],"wp:featuredmedia":[{"embeddable":true,"href":"https:\/\/armstrongyregion.com.ar\/diario\/wp-json\/wp\/v2\/media\/38132"}],"wp:attachment":[{"href":"https:\/\/armstrongyregion.com.ar\/diario\/wp-json\/wp\/v2\/media?parent=40178"}],"wp:term":[{"taxonomy":"category","embeddable":true,"href":"https:\/\/armstrongyregion.com.ar\/diario\/wp-json\/wp\/v2\/categories?post=40178"},{"taxonomy":"post_tag","embeddable":true,"href":"https:\/\/armstrongyregion.com.ar\/diario\/wp-json\/wp\/v2\/tags?post=40178"}],"curies":[{"name":"wp","href":"https:\/\/api.w.org\/{rel}","templated":true}]}}