{"id":40176,"date":"2023-09-13T18:01:08","date_gmt":"2023-09-13T18:01:08","guid":{"rendered":"https:\/\/armstrongyregion.com.ar\/diario\/?p=40176"},"modified":"2023-09-13T18:01:11","modified_gmt":"2023-09-13T18:01:11","slug":"armstrong-informe-area-de-orden-publico-11-09-2023-2","status":"publish","type":"post","link":"https:\/\/armstrongyregion.com.ar\/diario\/armstrong-informe-area-de-orden-publico-11-09-2023-2\/","title":{"rendered":"Armstrong. Informe \u00c1rea de Orden P\u00fablico 11\/09\/2023."},"content":{"rendered":"\n<figure class=\"wp-block-image size-full\"><a href=\"http:\/\/armstrongyregion.com.ar\/diario\/wp-content\/uploads\/2023\/04\/informe_orden_publico.jpg\"><img loading=\"lazy\" decoding=\"async\" width=\"405\" height=\"406\" src=\"http:\/\/armstrongyregion.com.ar\/diario\/wp-content\/uploads\/2023\/04\/informe_orden_publico.jpg\" alt=\"\" class=\"wp-image-38258\" srcset=\"https:\/\/armstrongyregion.com.ar\/diario\/wp-content\/uploads\/2023\/04\/informe_orden_publico.jpg 405w, https:\/\/armstrongyregion.com.ar\/diario\/wp-content\/uploads\/2023\/04\/informe_orden_publico-300x300.jpg 300w, https:\/\/armstrongyregion.com.ar\/diario\/wp-content\/uploads\/2023\/04\/informe_orden_publico-150x150.jpg 150w\" sizes=\"auto, (max-width: 405px) 100vw, 405px\" \/><\/a><\/figure>\n\n\n\n<p><strong>El \u00c1rea de Orden P\u00fablico de la Municipalidad de Armstrong inform\u00f3 que en el transcurso de la \u00faltima semana se procedi\u00f3 a realizar recorridos en coordinaci\u00f3n con Polic\u00eda y central de monitoreo para acciones de prevenci\u00f3n de faltas y delitos, con presencia efectiva en barrio FoNaVi Sur incluyendo plaza Nona Rocha.<\/strong><\/p>\n\n\n\n<p>En estas citas diarias en el barrio el personal policial, en su mayor\u00eda de otras ciudades, tiene la posibilidad de conocer a los vecinos que muchas veces se acercan a consultar o transmitir sus quejas, conocer a los menores del barrio y a los que llegan al lugar, en un contexto de tranquilidad moment\u00e1nea.<\/p>\n\n\n\n<p>En otros horarios agentes de tr\u00e1nsito son requeridos y se coordina con Polic\u00eda para asistir lo m\u00e1s urgente. Se ha entrevistado a progenitores de menores conflictivos teniendo m\u00e1s control sobre los mismos, entre otras diligencias.<\/p>\n\n\n\n<p>Adem\u00e1s, se ha procedido al secuestro de un motoveh\u00edculo conducido por un mayor de edad por falta de documentaci\u00f3n exigible para circular y, con presencia policial preventiva se secuestr\u00f3 un segundo motoveh\u00edculo conducido por un menor de edad, acompa\u00f1ante sin casco, sin dominio visible, sin documentaci\u00f3n exigible para circular. En ambos casos interviene el Juzgado Municipal de Faltas.<\/p>\n\n\n\n<p>El jueves 7 en Ruta Nacional N\u00b0 9 y calle Paraguay se realiz\u00f3 un operativo de control en conjunto con la Agencia Provincial de Seguridad Vial, Polic\u00eda de Seguridad Vial y Comisar\u00eda Tercera consistente en alcoholemias, fiscalizaci\u00f3n de documentaci\u00f3n obligatoria para circular, excesos de pasajeros, uso de dispositivos de seguridad, etc.<\/p>\n\n\n\n<p>Se llevaron a cabo controles conjuntos con personal de comisar\u00eda Tercera en Camino 14, v\u00edas del ferrocarril y camino al cementerio.<\/p>\n\n\n\n<p>En la madrugada del s\u00e1bado 9 por la madrugada se prest\u00f3 colaboraci\u00f3n en el accidente producido entre dos veh\u00edculos en Ruta N\u00b0 9.<\/p>\n","protected":false},"excerpt":{"rendered":"<p>El \u00c1rea de Orden P\u00fablico de la Municipalidad de Armstrong inform\u00f3 que en el transcurso de la \u00faltima semana se procedi\u00f3 a realizar recorridos en coordinaci\u00f3n con Polic\u00eda y central de monitoreo para acciones de prevenci\u00f3n de faltas y delitos, con presencia efectiva en barrio FoNaVi Sur incluyendo plaza Nona Rocha. En estas citas diarias <a href=\"https:\/\/armstrongyregion.com.ar\/diario\/armstrong-informe-area-de-orden-publico-11-09-2023-2\/\" title=\"Read more\" >&#8230;<\/a><\/p>\n","protected":false},"author":1,"featured_media":38258,"comment_status":"open","ping_status":"open","sticky":false,"template":"","format":"image","meta":{"_jetpack_memberships_contains_paid_content":false,"footnotes":"","jetpack_publicize_message":"","jetpack_publicize_feature_enabled":true,"jetpack_social_post_already_shared":true,"jetpack_social_options":{"image_generator_settings":{"template":"highway","default_image_id":0,"enabled":false},"version":2}},"categories":[8,1,2,7,3],"tags":[20,3551,8585],"class_list":["post-40176","post","type-post","status-publish","format-image","has-post-thumbnail","hentry","category-deliberando","category-diario-armstrong","category-locales","category-politica","category-region","tag-armstrong","tag-informacion","tag-publico-2","post_format-post-format-image"],"jetpack_publicize_connections":[],"jetpack_featured_media_url":"https:\/\/armstrongyregion.com.ar\/diario\/wp-content\/uploads\/2023\/04\/informe_orden_publico.jpg","jetpack_shortlink":"https:\/\/wp.me\/p62QDO-as0","jetpack_sharing_enabled":true,"amp_enabled":true,"_links":{"self":[{"href":"https:\/\/armstrongyregion.com.ar\/diario\/wp-json\/wp\/v2\/posts\/40176","targetHints":{"allow":["GET"]}}],"collection":[{"href":"https:\/\/armstrongyregion.com.ar\/diario\/wp-json\/wp\/v2\/posts"}],"about":[{"href":"https:\/\/armstrongyregion.com.ar\/diario\/wp-json\/wp\/v2\/types\/post"}],"author":[{"embeddable":true,"href":"https:\/\/armstrongyregion.com.ar\/diario\/wp-json\/wp\/v2\/users\/1"}],"replies":[{"embeddable":true,"href":"https:\/\/armstrongyregion.com.ar\/diario\/wp-json\/wp\/v2\/comments?post=40176"}],"version-history":[{"count":1,"href":"https:\/\/armstrongyregion.com.ar\/diario\/wp-json\/wp\/v2\/posts\/40176\/revisions"}],"predecessor-version":[{"id":40177,"href":"https:\/\/armstrongyregion.com.ar\/diario\/wp-json\/wp\/v2\/posts\/40176\/revisions\/40177"}],"wp:featuredmedia":[{"embeddable":true,"href":"https:\/\/armstrongyregion.com.ar\/diario\/wp-json\/wp\/v2\/media\/38258"}],"wp:attachment":[{"href":"https:\/\/armstrongyregion.com.ar\/diario\/wp-json\/wp\/v2\/media?parent=40176"}],"wp:term":[{"taxonomy":"category","embeddable":true,"href":"https:\/\/armstrongyregion.com.ar\/diario\/wp-json\/wp\/v2\/categories?post=40176"},{"taxonomy":"post_tag","embeddable":true,"href":"https:\/\/armstrongyregion.com.ar\/diario\/wp-json\/wp\/v2\/tags?post=40176"}],"curies":[{"name":"wp","href":"https:\/\/api.w.org\/{rel}","templated":true}]}}