{"id":40171,"date":"2023-09-13T17:48:26","date_gmt":"2023-09-13T17:48:26","guid":{"rendered":"https:\/\/armstrongyregion.com.ar\/diario\/?p=40171"},"modified":"2023-09-13T17:48:28","modified_gmt":"2023-09-13T17:48:28","slug":"el-gobernador-de-rotary-visito-la-ciudad-y-fue-recibido-por-el-intendente","status":"publish","type":"post","link":"https:\/\/armstrongyregion.com.ar\/diario\/el-gobernador-de-rotary-visito-la-ciudad-y-fue-recibido-por-el-intendente\/","title":{"rendered":"El gobernador de Rotary visit\u00f3 la ciudad y fue recibido por el intendente."},"content":{"rendered":"\n<figure class=\"wp-block-image size-full\"><a href=\"http:\/\/armstrongyregion.com.ar\/diario\/wp-content\/uploads\/2023\/09\/VERDECCHIA-ROTARI-1-.jpg\"><img loading=\"lazy\" decoding=\"async\" width=\"576\" height=\"432\" src=\"http:\/\/armstrongyregion.com.ar\/diario\/wp-content\/uploads\/2023\/09\/VERDECCHIA-ROTARI-1-.jpg\" alt=\"\" class=\"wp-image-40172\" srcset=\"https:\/\/armstrongyregion.com.ar\/diario\/wp-content\/uploads\/2023\/09\/VERDECCHIA-ROTARI-1-.jpg 576w, https:\/\/armstrongyregion.com.ar\/diario\/wp-content\/uploads\/2023\/09\/VERDECCHIA-ROTARI-1--300x225.jpg 300w\" sizes=\"auto, (max-width: 576px) 100vw, 576px\" \/><\/a><\/figure>\n\n\n\n<p><strong>El intendente Dr. Pablo Verdecchia, le dio la bienvenida al gobernador del distrito binacional de Rotary, Eduardo Orso, quien estuvo de recorrida por la regi\u00f3n el pasado martes 13 de septiembre, acompa\u00f1ado por referentes del club rotario local.<\/strong><\/p>\n\n\n\n<figure class=\"wp-block-image size-full\"><a href=\"http:\/\/armstrongyregion.com.ar\/diario\/wp-content\/uploads\/2023\/09\/VERDECCHIA-3-ROTARY.jpg\"><img loading=\"lazy\" decoding=\"async\" width=\"356\" height=\"262\" src=\"http:\/\/armstrongyregion.com.ar\/diario\/wp-content\/uploads\/2023\/09\/VERDECCHIA-3-ROTARY.jpg\" alt=\"\" class=\"wp-image-40173\" srcset=\"https:\/\/armstrongyregion.com.ar\/diario\/wp-content\/uploads\/2023\/09\/VERDECCHIA-3-ROTARY.jpg 356w, https:\/\/armstrongyregion.com.ar\/diario\/wp-content\/uploads\/2023\/09\/VERDECCHIA-3-ROTARY-300x221.jpg 300w\" sizes=\"auto, (max-width: 356px) 100vw, 356px\" \/><\/a><\/figure>\n\n\n\n<p>Durante la jornada, las autoridades charlaron sobre las acciones conjuntas que se llevan adelante entre el municipio, las universidades y Rotary Club Armstrong.<\/p>\n\n\n\n<figure class=\"wp-block-image size-full\"><a href=\"http:\/\/armstrongyregion.com.ar\/diario\/wp-content\/uploads\/2023\/09\/VERDECCHIA-ROTARY-2-.jpg\"><img loading=\"lazy\" decoding=\"async\" width=\"576\" height=\"432\" src=\"http:\/\/armstrongyregion.com.ar\/diario\/wp-content\/uploads\/2023\/09\/VERDECCHIA-ROTARY-2-.jpg\" alt=\"\" class=\"wp-image-40174\" srcset=\"https:\/\/armstrongyregion.com.ar\/diario\/wp-content\/uploads\/2023\/09\/VERDECCHIA-ROTARY-2-.jpg 576w, https:\/\/armstrongyregion.com.ar\/diario\/wp-content\/uploads\/2023\/09\/VERDECCHIA-ROTARY-2--300x225.jpg 300w\" sizes=\"auto, (max-width: 576px) 100vw, 576px\" \/><\/a><\/figure>\n\n\n\n<p><strong>\u201cLa verdad fue un gusto poder tener al gobernador con nosotros y haberle contado todas las actividades que estamos realizando en conjunto con la instituci\u00f3n y tambien acordamos que vamos a seguir trabajando sobre diversas acciones en beneficio de nuestra comunidad\u201d. Expres\u00f3 el intendente.<\/strong><\/p>\n\n\n\n<p><strong>La palabra rotaria.<\/strong><\/p>\n\n\n\n<p>La presidente de Rotary Club, Natalia Garc\u00eda, indic\u00f3:<strong> \u201cRecibimos a nuestro gobernador y nos reunimos con el intendente para contarle sobre la labor que venimos realizando en conjunto y sobre los proyectos que estan en agenda. Luego nos dirigiremos hasta nuestra casa rotaria donde se sumar\u00e1 Rotarac en honor a su visita\u201d.<\/strong><\/p>\n\n\n\n<p><strong>Orsi,<\/strong> por su parte, se mostr\u00f3 agradecido por el recibimiento y apunt\u00f3: <strong>\u201cEstoy muy contento, ya que me recibieron muy bien la Pte de Rotary Club Armstrong, Natalia Garc\u00eda y la Pte de Interac Sof\u00eda Marozzi, junto al intendente de esta ciudad, soy el Gobernador Distrital per\u00edodo 2023-2024, y entre los roles que tengo asignado es estar alrededor de los clubes, y a disposici\u00f3n para acompa\u00f1arlos; para generar algunas ideas; para potenciar otras y ese es un poco el motivo de la visita. Rotary es una organizaci\u00f3n de servicio humanitario que esta en todo el mundo, en m\u00e1s de 200 pa\u00edses y lleva adelante su gesti\u00f3n y su acci\u00f3n a trav\u00e9s de los clubes rotarios que estan en cada una de las comunidades y la representacion en Armstrong la tiene el Club Rotario local y es representaci\u00f3n de Rotary Internacional\u201d.<\/strong><\/p>\n\n\n\n<p>El Gobernador rotario a\u00f1adi\u00f3: \u00abLuego seguiremos haciendo visitas oficiales a Rotary de Las Parejas y Rotary de Ca\u00f1ada de G\u00f3mez, luego nos vamos para el norte a un encuentro en Cayasta. Con respecto a los proyectos vemos que hay algunos con respecto a la salud; otros a la educaci\u00f3n y puntualmente desde el distrito le estamos acercando a los clubes y recientemente hablabamos con el intendente Dr. Pablo Verdecchia, que estamos desarrollando una diplomatura en desarrollo social, donde los clubes rotarios van a poder llevar becas a sus localidades; para quienes les interese esta formaci\u00f3n. Hemos firmado convenios con UCA, UAI, UCEL, Universidad de Concepci\u00f3n del Uruguay y Centro Universitario de Firmat. Quiz\u00e1s mas adelante firmemos tambien con la Tecnol\u00f3gica que esta desembarcando ac\u00e1 en la localidad\u201d.<\/p>\n","protected":false},"excerpt":{"rendered":"<p>El intendente Dr. Pablo Verdecchia, le dio la bienvenida al gobernador del distrito binacional de Rotary, Eduardo Orso, quien estuvo de recorrida por la regi\u00f3n el pasado martes 13 de septiembre, acompa\u00f1ado por referentes del club rotario local. Durante la jornada, las autoridades charlaron sobre las acciones conjuntas que se llevan adelante entre el municipio, <a href=\"https:\/\/armstrongyregion.com.ar\/diario\/el-gobernador-de-rotary-visito-la-ciudad-y-fue-recibido-por-el-intendente\/\" title=\"Read more\" >&#8230;<\/a><\/p>\n","protected":false},"author":1,"featured_media":40173,"comment_status":"open","ping_status":"open","sticky":false,"template":"","format":"image","meta":{"_jetpack_memberships_contains_paid_content":false,"footnotes":"","jetpack_publicize_message":"","jetpack_publicize_feature_enabled":true,"jetpack_social_post_already_shared":true,"jetpack_social_options":{"image_generator_settings":{"template":"highway","default_image_id":0,"enabled":false},"version":2}},"categories":[8,1,2,7,3],"tags":[20,8646,19,16,766,398,9792],"class_list":["post-40171","post","type-post","status-publish","format-image","has-post-thumbnail","hentry","category-deliberando","category-diario-armstrong","category-locales","category-politica","category-region","tag-armstrong","tag-ciudad-2","tag-de","tag-el","tag-gobernador","tag-rotary","tag-visito-3","post_format-post-format-image"],"jetpack_publicize_connections":[],"jetpack_featured_media_url":"https:\/\/armstrongyregion.com.ar\/diario\/wp-content\/uploads\/2023\/09\/VERDECCHIA-3-ROTARY.jpg","jetpack_shortlink":"https:\/\/wp.me\/p62QDO-arV","jetpack_sharing_enabled":true,"amp_enabled":true,"_links":{"self":[{"href":"https:\/\/armstrongyregion.com.ar\/diario\/wp-json\/wp\/v2\/posts\/40171","targetHints":{"allow":["GET"]}}],"collection":[{"href":"https:\/\/armstrongyregion.com.ar\/diario\/wp-json\/wp\/v2\/posts"}],"about":[{"href":"https:\/\/armstrongyregion.com.ar\/diario\/wp-json\/wp\/v2\/types\/post"}],"author":[{"embeddable":true,"href":"https:\/\/armstrongyregion.com.ar\/diario\/wp-json\/wp\/v2\/users\/1"}],"replies":[{"embeddable":true,"href":"https:\/\/armstrongyregion.com.ar\/diario\/wp-json\/wp\/v2\/comments?post=40171"}],"version-history":[{"count":1,"href":"https:\/\/armstrongyregion.com.ar\/diario\/wp-json\/wp\/v2\/posts\/40171\/revisions"}],"predecessor-version":[{"id":40175,"href":"https:\/\/armstrongyregion.com.ar\/diario\/wp-json\/wp\/v2\/posts\/40171\/revisions\/40175"}],"wp:featuredmedia":[{"embeddable":true,"href":"https:\/\/armstrongyregion.com.ar\/diario\/wp-json\/wp\/v2\/media\/40173"}],"wp:attachment":[{"href":"https:\/\/armstrongyregion.com.ar\/diario\/wp-json\/wp\/v2\/media?parent=40171"}],"wp:term":[{"taxonomy":"category","embeddable":true,"href":"https:\/\/armstrongyregion.com.ar\/diario\/wp-json\/wp\/v2\/categories?post=40171"},{"taxonomy":"post_tag","embeddable":true,"href":"https:\/\/armstrongyregion.com.ar\/diario\/wp-json\/wp\/v2\/tags?post=40171"}],"curies":[{"name":"wp","href":"https:\/\/api.w.org\/{rel}","templated":true}]}}