{"id":40167,"date":"2023-09-13T02:25:56","date_gmt":"2023-09-13T02:25:56","guid":{"rendered":"https:\/\/armstrongyregion.com.ar\/diario\/?p=40167"},"modified":"2023-09-13T02:25:58","modified_gmt":"2023-09-13T02:25:58","slug":"armstrong-se-entrego-el-f-a-e-de-septiembre-2023","status":"publish","type":"post","link":"https:\/\/armstrongyregion.com.ar\/diario\/armstrong-se-entrego-el-f-a-e-de-septiembre-2023\/","title":{"rendered":"Armstrong. Se entreg\u00f3 el F.A.E. de septiembre 2023."},"content":{"rendered":"\n<figure class=\"wp-block-image size-full\"><a href=\"http:\/\/armstrongyregion.com.ar\/diario\/wp-content\/uploads\/2023\/09\/PABLO-FAE-12-9-23-.jpg\"><img loading=\"lazy\" decoding=\"async\" width=\"498\" height=\"287\" src=\"http:\/\/armstrongyregion.com.ar\/diario\/wp-content\/uploads\/2023\/09\/PABLO-FAE-12-9-23-.jpg\" alt=\"\" class=\"wp-image-40168\" srcset=\"https:\/\/armstrongyregion.com.ar\/diario\/wp-content\/uploads\/2023\/09\/PABLO-FAE-12-9-23-.jpg 498w, https:\/\/armstrongyregion.com.ar\/diario\/wp-content\/uploads\/2023\/09\/PABLO-FAE-12-9-23--300x173.jpg 300w\" sizes=\"auto, (max-width: 498px) 100vw, 498px\" \/><\/a><\/figure>\n\n\n\n<p>En el sal\u00f3n San Mart\u00edn de la Municipalidad de Armstrong, el Intendente Pablo Verdecchia<br>acompa\u00f1ado por la Secretaria de Educaci\u00f3n y Desarrollo Integral Rosana Siri hicieron entrega de la<br>cuota del Fondo de Asistencia Educativa (F.A.E.) correspondiente al mes de septiembre 2023.<\/p>\n\n\n\n<figure class=\"wp-block-image size-full\"><a href=\"http:\/\/armstrongyregion.com.ar\/diario\/wp-content\/uploads\/2023\/09\/PABLO-FAE-12-9-23-B.jpg\"><img loading=\"lazy\" decoding=\"async\" width=\"481\" height=\"286\" src=\"http:\/\/armstrongyregion.com.ar\/diario\/wp-content\/uploads\/2023\/09\/PABLO-FAE-12-9-23-B.jpg\" alt=\"\" class=\"wp-image-40169\" srcset=\"https:\/\/armstrongyregion.com.ar\/diario\/wp-content\/uploads\/2023\/09\/PABLO-FAE-12-9-23-B.jpg 481w, https:\/\/armstrongyregion.com.ar\/diario\/wp-content\/uploads\/2023\/09\/PABLO-FAE-12-9-23-B-300x178.jpg 300w\" sizes=\"auto, (max-width: 481px) 100vw, 481px\" \/><\/a><\/figure>\n\n\n\n<p><br>As\u00ed es que a todas las escuelas y Biblioteca Popular Sarmiento recibieron en manos de sus<br>directivos, docentes y\/o cooperadores, la contribuci\u00f3n de dichos fondos municipales, excepto las<br>Escuelas N\u00b0 33 y N\u00b0 51 ya que el pasado mes de agosto recibieron un F.A.E. extraordinario, m\u00e1s el<br>adelanto de las cuotas mensuales de septiembre a diciembre inclusive, para continuar con los<br>trabajos que ambas instituciones llevan adelante en la renovaci\u00f3n de todo el sistema el\u00e9ctrico de<br>sus edificios.<br>En total por el presente mes, las autoridades municipales distribuyeron $ 1.319.352 que son<br>destinados a poner en condiciones \u00f3ptimas la infraestructura general de cada establecimiento<br>educativo.<\/p>\n","protected":false},"excerpt":{"rendered":"<p>En el sal\u00f3n San Mart\u00edn de la Municipalidad de Armstrong, el Intendente Pablo Verdecchiaacompa\u00f1ado por la Secretaria de Educaci\u00f3n y Desarrollo Integral Rosana Siri hicieron entrega de lacuota del Fondo de Asistencia Educativa (F.A.E.) correspondiente al mes de septiembre 2023. As\u00ed es que a todas las escuelas y Biblioteca Popular Sarmiento recibieron en manos de <a href=\"https:\/\/armstrongyregion.com.ar\/diario\/armstrong-se-entrego-el-f-a-e-de-septiembre-2023\/\" title=\"Read more\" >&#8230;<\/a><\/p>\n","protected":false},"author":1,"featured_media":40168,"comment_status":"open","ping_status":"open","sticky":false,"template":"","format":"image","meta":{"_jetpack_memberships_contains_paid_content":false,"footnotes":"","jetpack_publicize_message":"","jetpack_publicize_feature_enabled":true,"jetpack_social_post_already_shared":true,"jetpack_social_options":{"image_generator_settings":{"template":"highway","default_image_id":0,"enabled":false},"version":2}},"categories":[8,1,2,7,3],"tags":[8751,20,19,112,8620,86,2628],"class_list":["post-40167","post","type-post","status-publish","format-image","has-post-thumbnail","hentry","category-deliberando","category-diario-armstrong","category-locales","category-politica","category-region","tag-8751","tag-armstrong","tag-de","tag-entrego","tag-fae-2","tag-se","tag-septiembre","post_format-post-format-image"],"jetpack_publicize_connections":[],"jetpack_featured_media_url":"https:\/\/armstrongyregion.com.ar\/diario\/wp-content\/uploads\/2023\/09\/PABLO-FAE-12-9-23-.jpg","jetpack_shortlink":"https:\/\/wp.me\/p62QDO-arR","jetpack_sharing_enabled":true,"amp_enabled":true,"_links":{"self":[{"href":"https:\/\/armstrongyregion.com.ar\/diario\/wp-json\/wp\/v2\/posts\/40167","targetHints":{"allow":["GET"]}}],"collection":[{"href":"https:\/\/armstrongyregion.com.ar\/diario\/wp-json\/wp\/v2\/posts"}],"about":[{"href":"https:\/\/armstrongyregion.com.ar\/diario\/wp-json\/wp\/v2\/types\/post"}],"author":[{"embeddable":true,"href":"https:\/\/armstrongyregion.com.ar\/diario\/wp-json\/wp\/v2\/users\/1"}],"replies":[{"embeddable":true,"href":"https:\/\/armstrongyregion.com.ar\/diario\/wp-json\/wp\/v2\/comments?post=40167"}],"version-history":[{"count":1,"href":"https:\/\/armstrongyregion.com.ar\/diario\/wp-json\/wp\/v2\/posts\/40167\/revisions"}],"predecessor-version":[{"id":40170,"href":"https:\/\/armstrongyregion.com.ar\/diario\/wp-json\/wp\/v2\/posts\/40167\/revisions\/40170"}],"wp:featuredmedia":[{"embeddable":true,"href":"https:\/\/armstrongyregion.com.ar\/diario\/wp-json\/wp\/v2\/media\/40168"}],"wp:attachment":[{"href":"https:\/\/armstrongyregion.com.ar\/diario\/wp-json\/wp\/v2\/media?parent=40167"}],"wp:term":[{"taxonomy":"category","embeddable":true,"href":"https:\/\/armstrongyregion.com.ar\/diario\/wp-json\/wp\/v2\/categories?post=40167"},{"taxonomy":"post_tag","embeddable":true,"href":"https:\/\/armstrongyregion.com.ar\/diario\/wp-json\/wp\/v2\/tags?post=40167"}],"curies":[{"name":"wp","href":"https:\/\/api.w.org\/{rel}","templated":true}]}}