{"id":40161,"date":"2023-09-12T14:33:09","date_gmt":"2023-09-12T14:33:09","guid":{"rendered":"https:\/\/armstrongyregion.com.ar\/diario\/?p=40161"},"modified":"2023-09-12T14:45:33","modified_gmt":"2023-09-12T14:45:33","slug":"este-martes-en-deliberando-historia-de-una-importante-industria-de-armstrong","status":"publish","type":"post","link":"https:\/\/armstrongyregion.com.ar\/diario\/este-martes-en-deliberando-historia-de-una-importante-industria-de-armstrong\/","title":{"rendered":"Este martes en DELIBERANDO, historia de una importante industria de Armstrong."},"content":{"rendered":"\n<figure class=\"wp-block-image size-full\"><a href=\"http:\/\/armstrongyregion.com.ar\/diario\/wp-content\/uploads\/2023\/09\/juan-carlos-silvi-.jpg\"><img loading=\"lazy\" decoding=\"async\" width=\"530\" height=\"401\" src=\"http:\/\/armstrongyregion.com.ar\/diario\/wp-content\/uploads\/2023\/09\/juan-carlos-silvi-.jpg\" alt=\"\" class=\"wp-image-40162\" srcset=\"https:\/\/armstrongyregion.com.ar\/diario\/wp-content\/uploads\/2023\/09\/juan-carlos-silvi-.jpg 530w, https:\/\/armstrongyregion.com.ar\/diario\/wp-content\/uploads\/2023\/09\/juan-carlos-silvi--300x227.jpg 300w\" sizes=\"auto, (max-width: 530px) 100vw, 530px\" \/><\/a><\/figure>\n\n\n\n<p>Juan Carlos Silvi, uno de los fundadores de ERCA, desarrollar\u00e1 el repaso de como naci\u00f3 la empresa. Sus inicios en un garaje donde las ilusiones comenzaron a plasmarse, buscando un futuro promisorio.<br>Provenir de una familia de productores agropecuarios le dio herramientas para tener ideas sobre que se necesitaba para mejorar el trabajo en el campo. As\u00ed fue creciendo la empresa y sus producciones, dando la alternativa de tener una industria floreciente con la incorporaci\u00f3n de personal e ir ampliando sus instalaciones. Desde hace un tiempo Silvi y sus socios delegaron responsabilidades pero con mucho orgullo ven el continuo crecimiento direccionado por Marcela Silvi, hija mayor de nuestro entrevistado.<br>ERCA, gracias a todos los valores anteriormente enunciados, logr\u00f3 llegar al mercado internacional a trav\u00e9s de la exportaci\u00f3n de sus m\u00e1quinas. <\/p>\n\n\n\n<p>Todo este martes en DELIBERANDO, a las 21hs con la conducci\u00f3n de la Licenciada Graciela\u00a0De la Casa y Oscar Crispino.<\/p>\n\n\n\n<p>Reiteraci\u00f3n Mi\u00e9rcoles 13,30hs y Domingos 12,00hs.<\/p>\n","protected":false},"excerpt":{"rendered":"<p>Juan Carlos Silvi, uno de los fundadores de ERCA, desarrollar\u00e1 el repaso de como naci\u00f3 la empresa. Sus inicios en un garaje donde las ilusiones comenzaron a plasmarse, buscando un futuro promisorio.Provenir de una familia de productores agropecuarios le dio herramientas para tener ideas sobre que se necesitaba para mejorar el trabajo en el campo. <a href=\"https:\/\/armstrongyregion.com.ar\/diario\/este-martes-en-deliberando-historia-de-una-importante-industria-de-armstrong\/\" title=\"Read more\" >&#8230;<\/a><\/p>\n","protected":false},"author":1,"featured_media":40162,"comment_status":"open","ping_status":"open","sticky":false,"template":"","format":"image","meta":{"_jetpack_memberships_contains_paid_content":false,"footnotes":"","jetpack_publicize_message":"","jetpack_publicize_feature_enabled":true,"jetpack_social_post_already_shared":true,"jetpack_social_options":{"image_generator_settings":{"template":"highway","default_image_id":0,"enabled":false},"version":2}},"categories":[8,1,2,3],"tags":[44,9346,9791,9314],"class_list":["post-40161","post","type-post","status-publish","format-image","has-post-thumbnail","hentry","category-deliberando","category-diario-armstrong","category-locales","category-region","tag-deliberando-2","tag-graciela-de-la-casa","tag-juan-carlos-silvi","tag-oscar-crispino","post_format-post-format-image"],"jetpack_publicize_connections":[],"jetpack_featured_media_url":"https:\/\/armstrongyregion.com.ar\/diario\/wp-content\/uploads\/2023\/09\/juan-carlos-silvi-.jpg","jetpack_shortlink":"https:\/\/wp.me\/p62QDO-arL","jetpack_sharing_enabled":true,"amp_enabled":true,"_links":{"self":[{"href":"https:\/\/armstrongyregion.com.ar\/diario\/wp-json\/wp\/v2\/posts\/40161","targetHints":{"allow":["GET"]}}],"collection":[{"href":"https:\/\/armstrongyregion.com.ar\/diario\/wp-json\/wp\/v2\/posts"}],"about":[{"href":"https:\/\/armstrongyregion.com.ar\/diario\/wp-json\/wp\/v2\/types\/post"}],"author":[{"embeddable":true,"href":"https:\/\/armstrongyregion.com.ar\/diario\/wp-json\/wp\/v2\/users\/1"}],"replies":[{"embeddable":true,"href":"https:\/\/armstrongyregion.com.ar\/diario\/wp-json\/wp\/v2\/comments?post=40161"}],"version-history":[{"count":2,"href":"https:\/\/armstrongyregion.com.ar\/diario\/wp-json\/wp\/v2\/posts\/40161\/revisions"}],"predecessor-version":[{"id":40164,"href":"https:\/\/armstrongyregion.com.ar\/diario\/wp-json\/wp\/v2\/posts\/40161\/revisions\/40164"}],"wp:featuredmedia":[{"embeddable":true,"href":"https:\/\/armstrongyregion.com.ar\/diario\/wp-json\/wp\/v2\/media\/40162"}],"wp:attachment":[{"href":"https:\/\/armstrongyregion.com.ar\/diario\/wp-json\/wp\/v2\/media?parent=40161"}],"wp:term":[{"taxonomy":"category","embeddable":true,"href":"https:\/\/armstrongyregion.com.ar\/diario\/wp-json\/wp\/v2\/categories?post=40161"},{"taxonomy":"post_tag","embeddable":true,"href":"https:\/\/armstrongyregion.com.ar\/diario\/wp-json\/wp\/v2\/tags?post=40161"}],"curies":[{"name":"wp","href":"https:\/\/api.w.org\/{rel}","templated":true}]}}