{"id":40158,"date":"2023-09-11T20:16:21","date_gmt":"2023-09-11T20:16:21","guid":{"rendered":"https:\/\/armstrongyregion.com.ar\/diario\/?p=40158"},"modified":"2023-09-11T20:16:24","modified_gmt":"2023-09-11T20:16:24","slug":"un-muerto-y-decenas-de-heridos-en-el-impresionante-choque-de-40-vehiculos-en-medio-de-la-tormenta-de-viento-y-tierra","status":"publish","type":"post","link":"https:\/\/armstrongyregion.com.ar\/diario\/un-muerto-y-decenas-de-heridos-en-el-impresionante-choque-de-40-vehiculos-en-medio-de-la-tormenta-de-viento-y-tierra\/","title":{"rendered":"Un muerto y decenas de heridos en el impresionante choque de 40 veh\u00edculos en medio de la tormenta de viento y tierra."},"content":{"rendered":"\n<figure class=\"wp-block-image size-full\"><a href=\"http:\/\/armstrongyregion.com.ar\/diario\/wp-content\/uploads\/2023\/09\/TORMENTA-.jpg\"><img loading=\"lazy\" decoding=\"async\" width=\"512\" height=\"304\" src=\"http:\/\/armstrongyregion.com.ar\/diario\/wp-content\/uploads\/2023\/09\/TORMENTA-.jpg\" alt=\"\" class=\"wp-image-40159\" srcset=\"https:\/\/armstrongyregion.com.ar\/diario\/wp-content\/uploads\/2023\/09\/TORMENTA-.jpg 512w, https:\/\/armstrongyregion.com.ar\/diario\/wp-content\/uploads\/2023\/09\/TORMENTA--300x178.jpg 300w\" sizes=\"auto, (max-width: 512px) 100vw, 512px\" \/><\/a><\/figure>\n\n\n\n<h2 class=\"wp-block-heading\">La tierra levantada por el fuerte viento en la regi\u00f3n sorprendi\u00f3 a los conductores\u00a0en la autopista Rosario-C\u00f3rdoba, entre San Jer\u00f3nimo y Carcara\u00f1\u00e1. Bomberos y polic\u00edas confirmaron el fallecimiento de una persona y decenas de heridos que eran atendidos. El tr\u00e1nsito estaba cortado en ambas manos.<\/h2>\n\n\n\n<p>Pasado el mediod\u00eda de este lunes,\u00a0la\u00a0<strong>tormenta de viento y tierra<\/strong>\u00a0que se registra en la regi\u00f3n provoc\u00f3\u00a0<strong>un impresionante choque m\u00faltiple en la autopista Rosario-C\u00f3rdoba<\/strong>, a la altura de San Jer\u00f3nimo Sud, que lamentablemente deriv\u00f3 en el fallecimiento de una persona y en decenas de heridos que eran atendidos en el lugar o derivados a distintos centros de salud de la regi\u00f3n. \u00abNunca vi algo igual\u00bb, confi\u00f3 un bombero de Rold\u00e1n que trabajaba all\u00ed.\u00a0<\/p>\n\n\n\n<p><strong>La nula visibilidad de los conductores<\/strong>\u00a0que en ese momento transitaban por el corredor, produjo una serie de choques en cadena que implicaron autos y dos camiones. Hab\u00eda personas heridas en el lugar, por lo que ambulancias ya se encontraban\u00a0en camino.\u00a0<strong>El tr\u00e1nsito estaba cortado y se realizaban desv\u00edos<\/strong>\u00a0hacia la vieja ruta 9 y a las localides de ese cord\u00f3n. Bomberos y polic\u00edas confirmaron a El Tres que\u00a0<strong>una persona falleci\u00f3 por el choque<\/strong>.\u00a0<\/p>\n\n\n\n<p>Al encontrarse con la tormenta de tierra, los veh\u00edculos comenzaron a chocar y el siniestro se traslad\u00f3 a ambas manos. Un colectivo que volv\u00eda de R\u00edo Tercero con chicos de s\u00e9ptimo grado de la escuela rosarina N\u00ba 114, pudo detenerse a unos pocos metros del lugar de la colisi\u00f3n m\u00faltiple. \u00abLa verdad que nos salvamos de milagro, fuimos iluminados\u00bb, cont\u00f3 Celia, que ven\u00eda en el micro.&nbsp;<\/p>\n\n\n\n<p>\u00abSon muchos los veh\u00edculos que chocaron, no se ve\u00eda nada en ese momento.&nbsp;<strong>Hab\u00eda mucha gente acostada al costado de la autopista esperando que lleguen los m\u00e9dicos para atenderlos\u00bb<\/strong>, agreg\u00f3 la mujer.&nbsp;<\/p>\n\n\n\n<p>Agentes de Seguridad Vial cortaban el tr\u00e1nsito en ambas manos\u00a0la ruta\u00a0con desv\u00edos hacia la ruta 9.\u00a0<strong>\u00abNo te dejan subir directamente a la autopista, est\u00e1 todo cortado\u00bb<\/strong>, indic\u00f3 otro automovilista.\u00a0<\/p>\n\n\n\n<p>Un bombero de Rold\u00e1n\u00a0narr\u00f3 en El Tres:\u00a0<strong>\u201cComenz\u00f3 con un choque de dos veh\u00edculos,<\/strong>\u00a0con un gran viento que hizo perder visibilidad y luego fue el choque en cadena en ambas manos.\u00a0<strong>Son 40 los vehiculos involucrados,\u00a0<\/strong>y lamentamos una victima fatal\u201d. Luego a\u00f1adi\u00f3 que\u00a0<strong>\u201chay unas 80 personas involucradas en este siniestro, es algo nunca antes visto\u201d<\/strong>, asever\u00f3 el bombero.<\/p>\n\n\n\n<p>Testigos advert\u00edan que estos episodios de viento fuerte que suspend\u00edan en el aire part\u00edculas de polvo que imped\u00edan la visibilidad,\u00a0<strong>se daban a varios tramos de la autopista y rutas de la regi\u00f3n<\/strong>. Ped\u00edan mucha precauci\u00f3n al conducir.\u00a0<\/p>\n\n\n\n<p>Fuente: Rosario3.com<\/p>\n\n\n\n<p><\/p>\n","protected":false},"excerpt":{"rendered":"<p>La tierra levantada por el fuerte viento en la regi\u00f3n sorprendi\u00f3 a los conductores\u00a0en la autopista Rosario-C\u00f3rdoba, entre San Jer\u00f3nimo y Carcara\u00f1\u00e1. Bomberos y polic\u00edas confirmaron el fallecimiento de una persona y decenas de heridos que eran atendidos. El tr\u00e1nsito estaba cortado en ambas manos. Pasado el mediod\u00eda de este lunes,\u00a0la\u00a0tormenta de viento y tierra\u00a0que <a href=\"https:\/\/armstrongyregion.com.ar\/diario\/un-muerto-y-decenas-de-heridos-en-el-impresionante-choque-de-40-vehiculos-en-medio-de-la-tormenta-de-viento-y-tierra\/\" title=\"Read more\" >&#8230;<\/a><\/p>\n","protected":false},"author":1,"featured_media":40159,"comment_status":"open","ping_status":"open","sticky":false,"template":"","format":"image","meta":{"_jetpack_memberships_contains_paid_content":false,"footnotes":"","jetpack_publicize_message":"","jetpack_publicize_feature_enabled":true,"jetpack_social_post_already_shared":true,"jetpack_social_options":{"image_generator_settings":{"template":"highway","default_image_id":0,"enabled":false},"version":2}},"categories":[8,1,2,3],"tags":[19,9789,9790,4005,192,13],"class_list":["post-40158","post","type-post","status-publish","format-image","has-post-thumbnail","hentry","category-deliberando","category-diario-armstrong","category-locales","category-region","tag-de","tag-decenas","tag-heridos","tag-muerto","tag-un","tag-y","post_format-post-format-image"],"jetpack_publicize_connections":[],"jetpack_featured_media_url":"https:\/\/armstrongyregion.com.ar\/diario\/wp-content\/uploads\/2023\/09\/TORMENTA-.jpg","jetpack_shortlink":"https:\/\/wp.me\/p62QDO-arI","jetpack_sharing_enabled":true,"amp_enabled":true,"_links":{"self":[{"href":"https:\/\/armstrongyregion.com.ar\/diario\/wp-json\/wp\/v2\/posts\/40158","targetHints":{"allow":["GET"]}}],"collection":[{"href":"https:\/\/armstrongyregion.com.ar\/diario\/wp-json\/wp\/v2\/posts"}],"about":[{"href":"https:\/\/armstrongyregion.com.ar\/diario\/wp-json\/wp\/v2\/types\/post"}],"author":[{"embeddable":true,"href":"https:\/\/armstrongyregion.com.ar\/diario\/wp-json\/wp\/v2\/users\/1"}],"replies":[{"embeddable":true,"href":"https:\/\/armstrongyregion.com.ar\/diario\/wp-json\/wp\/v2\/comments?post=40158"}],"version-history":[{"count":1,"href":"https:\/\/armstrongyregion.com.ar\/diario\/wp-json\/wp\/v2\/posts\/40158\/revisions"}],"predecessor-version":[{"id":40160,"href":"https:\/\/armstrongyregion.com.ar\/diario\/wp-json\/wp\/v2\/posts\/40158\/revisions\/40160"}],"wp:featuredmedia":[{"embeddable":true,"href":"https:\/\/armstrongyregion.com.ar\/diario\/wp-json\/wp\/v2\/media\/40159"}],"wp:attachment":[{"href":"https:\/\/armstrongyregion.com.ar\/diario\/wp-json\/wp\/v2\/media?parent=40158"}],"wp:term":[{"taxonomy":"category","embeddable":true,"href":"https:\/\/armstrongyregion.com.ar\/diario\/wp-json\/wp\/v2\/categories?post=40158"},{"taxonomy":"post_tag","embeddable":true,"href":"https:\/\/armstrongyregion.com.ar\/diario\/wp-json\/wp\/v2\/tags?post=40158"}],"curies":[{"name":"wp","href":"https:\/\/api.w.org\/{rel}","templated":true}]}}