{"id":40142,"date":"2023-09-11T03:08:29","date_gmt":"2023-09-11T03:08:29","guid":{"rendered":"https:\/\/armstrongyregion.com.ar\/diario\/?p=40142"},"modified":"2023-09-11T03:13:45","modified_gmt":"2023-09-11T03:13:45","slug":"las-rosas-javier-meyer-fue-reelecto-intendente-con-el-66-de-los-votos","status":"publish","type":"post","link":"https:\/\/armstrongyregion.com.ar\/diario\/las-rosas-javier-meyer-fue-reelecto-intendente-con-el-66-de-los-votos\/","title":{"rendered":"Las Rosas. Javier Meyer fue reelecto intendente con el 66% de los votos."},"content":{"rendered":"\n<figure class=\"wp-block-image size-full\"><a href=\"http:\/\/armstrongyregion.com.ar\/diario\/wp-content\/uploads\/2022\/08\/Javier-Meyer-9-8-22-.jpg\"><img loading=\"lazy\" decoding=\"async\" width=\"597\" height=\"405\" src=\"http:\/\/armstrongyregion.com.ar\/diario\/wp-content\/uploads\/2022\/08\/Javier-Meyer-9-8-22-.jpg\" alt=\"\" class=\"wp-image-35399\" srcset=\"https:\/\/armstrongyregion.com.ar\/diario\/wp-content\/uploads\/2022\/08\/Javier-Meyer-9-8-22-.jpg 597w, https:\/\/armstrongyregion.com.ar\/diario\/wp-content\/uploads\/2022\/08\/Javier-Meyer-9-8-22--300x204.jpg 300w\" sizes=\"auto, (max-width: 597px) 100vw, 597px\" \/><\/a><\/figure>\n\n\n\n<h2 class=\"wp-block-heading\">Seg\u00fan la informaci\u00f3n oficial ingresaran al Concejo Municipal dos candidatos del oficialismo Unidad Rosense: Gustavo Invernizzi y Valentina Vallejos, y uno de Juntos Avancemos: Marcos Di Santo.<\/h2>\n\n\n\n<p><strong>LAS ROSAS<br><\/strong><strong>Informaci\u00f3n oficial seg\u00fan el recuento provisorio del 100% de las mesas escrutadas<\/strong><\/p>\n\n\n\n<p><strong>Intendente<\/strong><\/p>\n\n\n\n<p>Javier Meyer (Unidad Rosense)&nbsp; &nbsp; &nbsp; &nbsp; &nbsp;5.184 votos (65,74%)<br>Mart\u00edn Blanco (Juntos Avancemos)&nbsp; 2.020 votos (25,79%)<br>Juan F. Pietracupa (Unidos)&nbsp; &nbsp; &nbsp; &nbsp; &nbsp; &nbsp; &nbsp; &nbsp; &nbsp; 663 votos&nbsp; ( 8,47%)<\/p>\n\n\n\n<p><strong>Concejales<br><br><\/strong>Unidad Rosense&nbsp; &nbsp; &nbsp; &nbsp; 3.777 votos (49,35%) (ingresan Gustavo Invernizzi y Valentina Vallejos)<br>Juntos Avancemos&nbsp; &nbsp; &nbsp;2.061 votos (26,93%) (Ingresa Marcos Di Santo)<br>Unidos&nbsp; &nbsp; &nbsp; &nbsp; &nbsp; &nbsp; &nbsp; &nbsp; &nbsp; &nbsp; &nbsp; &nbsp; &nbsp;1.816 votos (23,73%)<\/p>\n\n\n\n<figure class=\"wp-block-image\"><img decoding=\"async\" src=\"http:\/\/lasrosasdigital.com.ar\/download\/multimedia.normal.a87300d4ba7dbcb9.Y29uY2VqYWxlcyBlbGVjdG9zX25vcm1hbC53ZWJw.webp\" alt=\"concejales electos\"\/><\/figure>\n\n\n\n<p><strong>Senador<br><\/strong>Pablo Verdecchia (Unidos)&nbsp; &nbsp; &nbsp; &nbsp; &nbsp; &nbsp; &nbsp; &nbsp; &nbsp; &nbsp; &nbsp; &nbsp; &nbsp; &nbsp;3.595 votos (47,06%)<br>Guillermo Cornaglia (Juntos Avancemos)&nbsp; 3.045 votos (39,86%)<br>Alberto Crossetti (Dem\u00f3crata Cristiano)&nbsp; &nbsp; &nbsp; &nbsp;999 votos (13,08%)<\/p>\n\n\n\n<p><strong>Diputados&nbsp;&nbsp;&nbsp;<\/strong>&nbsp; &nbsp;<br>Unite (Amalia Granata)&nbsp; &nbsp; &nbsp; &nbsp; &nbsp; &nbsp; &nbsp; &nbsp; &nbsp; &nbsp; &nbsp; &nbsp; &nbsp; &nbsp;2.171 votos (30.06%)<br>Juntos Avancemos (0. Perotti)&nbsp; &nbsp; &nbsp; &nbsp; &nbsp; &nbsp; &nbsp; &nbsp;1.799 votos&nbsp; (24,91%)<br>Unidos (Clara Garc\u00eda)&nbsp; &nbsp; &nbsp; &nbsp; &nbsp; &nbsp; &nbsp; &nbsp; &nbsp; &nbsp; &nbsp; &nbsp; &nbsp; &nbsp; &nbsp; 1.577 votos (21.84%)<br>Viva la Libertad (J. Arga\u00f1araz)&nbsp; &nbsp; &nbsp; &nbsp; &nbsp; &nbsp; &nbsp; &nbsp; &nbsp; &nbsp;920 votos (12.74%)<br>Igualdad y Participaci\u00f3n (R. Giustiniani)&nbsp; 441 votos (6,41%)<br>Frente por la Soberan\u00eda (C. Del Frade)&nbsp; &nbsp; &nbsp;314 votos (4.35%)<\/p>\n\n\n\n<p><strong>Gobernador<br><\/strong>Maxi Pullaro (Unidos)&nbsp; &nbsp; &nbsp; &nbsp; &nbsp; &nbsp; &nbsp; &nbsp; &nbsp; &nbsp; &nbsp; &nbsp; &nbsp; &nbsp; &nbsp; &nbsp; 5.087 votos (69.67%)<br>M. Lewandowski (Juntos Avancemos)&nbsp; &nbsp; &nbsp;1.477 votos (20.23%)<br>E. Bodoira (Viva la Libertad)&nbsp; &nbsp; &nbsp; &nbsp; &nbsp; &nbsp; &nbsp; &nbsp; &nbsp; &nbsp; &nbsp; &nbsp; &nbsp;503 votos ( 6.89%)<br>Carla Deiana (Frente de Izquierda)&nbsp; &nbsp; &nbsp; &nbsp; &nbsp; &nbsp; &nbsp;235 votos ( 3.22%)<\/p>\n\n\n\n<hr class=\"wp-block-separator has-alpha-channel-opacity\"\/>\n\n\n\n<p><strong>DEPARTAMENTO BELGRANO\u00a0<\/strong><br><strong>SENADOR\u00a0 \u00a0\u00a0<\/strong>\u00a0 \u00a0<br><br>\u00a0VERDECCHIA (UNIDOS) \u2013 12.079 VOTOS<br>CORNAGLIA (JUNTOS AVANCEMOS)  \u2013 11.377 VOTOS<br>CROSETTI (DEM\u00d3CRATA CRISTIANO) \u2013 2.987 VOTOS<br>\u00a0 \u00a0 Fuente: Las Rosas Digital<\/p>\n","protected":false},"excerpt":{"rendered":"<p>Seg\u00fan la informaci\u00f3n oficial ingresaran al Concejo Municipal dos candidatos del oficialismo Unidad Rosense: Gustavo Invernizzi y Valentina Vallejos, y uno de Juntos Avancemos: Marcos Di Santo. LAS ROSASInformaci\u00f3n oficial seg\u00fan el recuento provisorio del 100% de las mesas escrutadas Intendente Javier Meyer (Unidad Rosense)&nbsp; &nbsp; &nbsp; &nbsp; &nbsp;5.184 votos (65,74%)Mart\u00edn Blanco (Juntos Avancemos)&nbsp; 2.020 <a href=\"https:\/\/armstrongyregion.com.ar\/diario\/las-rosas-javier-meyer-fue-reelecto-intendente-con-el-66-de-los-votos\/\" title=\"Read more\" >&#8230;<\/a><\/p>\n","protected":false},"author":1,"featured_media":35399,"comment_status":"open","ping_status":"open","sticky":false,"template":"","format":"image","meta":{"_jetpack_memberships_contains_paid_content":false,"footnotes":"","jetpack_publicize_message":"","jetpack_publicize_feature_enabled":true,"jetpack_social_post_already_shared":true,"jetpack_social_options":{"image_generator_settings":{"template":"highway","default_image_id":0,"enabled":false},"version":2}},"categories":[8,1,2,7,3],"tags":[100,16,1665,8503,9783,8883,42,9784,9615],"class_list":["post-40142","post","type-post","status-publish","format-image","has-post-thumbnail","hentry","category-deliberando","category-diario-armstrong","category-locales","category-politica","category-region","tag-con","tag-el","tag-fue","tag-intendente-2","tag-javier-meyer","tag-las-rosas-2","tag-los","tag-reelecto","tag-votos-2","post_format-post-format-image"],"jetpack_publicize_connections":[],"jetpack_featured_media_url":"https:\/\/armstrongyregion.com.ar\/diario\/wp-content\/uploads\/2022\/08\/Javier-Meyer-9-8-22-.jpg","jetpack_shortlink":"https:\/\/wp.me\/p62QDO-ars","jetpack_sharing_enabled":true,"amp_enabled":true,"_links":{"self":[{"href":"https:\/\/armstrongyregion.com.ar\/diario\/wp-json\/wp\/v2\/posts\/40142","targetHints":{"allow":["GET"]}}],"collection":[{"href":"https:\/\/armstrongyregion.com.ar\/diario\/wp-json\/wp\/v2\/posts"}],"about":[{"href":"https:\/\/armstrongyregion.com.ar\/diario\/wp-json\/wp\/v2\/types\/post"}],"author":[{"embeddable":true,"href":"https:\/\/armstrongyregion.com.ar\/diario\/wp-json\/wp\/v2\/users\/1"}],"replies":[{"embeddable":true,"href":"https:\/\/armstrongyregion.com.ar\/diario\/wp-json\/wp\/v2\/comments?post=40142"}],"version-history":[{"count":2,"href":"https:\/\/armstrongyregion.com.ar\/diario\/wp-json\/wp\/v2\/posts\/40142\/revisions"}],"predecessor-version":[{"id":40145,"href":"https:\/\/armstrongyregion.com.ar\/diario\/wp-json\/wp\/v2\/posts\/40142\/revisions\/40145"}],"wp:featuredmedia":[{"embeddable":true,"href":"https:\/\/armstrongyregion.com.ar\/diario\/wp-json\/wp\/v2\/media\/35399"}],"wp:attachment":[{"href":"https:\/\/armstrongyregion.com.ar\/diario\/wp-json\/wp\/v2\/media?parent=40142"}],"wp:term":[{"taxonomy":"category","embeddable":true,"href":"https:\/\/armstrongyregion.com.ar\/diario\/wp-json\/wp\/v2\/categories?post=40142"},{"taxonomy":"post_tag","embeddable":true,"href":"https:\/\/armstrongyregion.com.ar\/diario\/wp-json\/wp\/v2\/tags?post=40142"}],"curies":[{"name":"wp","href":"https:\/\/api.w.org\/{rel}","templated":true}]}}