{"id":40123,"date":"2023-09-10T13:52:38","date_gmt":"2023-09-10T13:52:38","guid":{"rendered":"https:\/\/armstrongyregion.com.ar\/diario\/?p=40123"},"modified":"2023-09-10T13:52:41","modified_gmt":"2023-09-10T13:52:41","slug":"el-candidato-a-gobernador-por-unidos-para-cambiar-santa-fe-voto-esta-manana-en-la-localidad-de-hughes","status":"publish","type":"post","link":"https:\/\/armstrongyregion.com.ar\/diario\/el-candidato-a-gobernador-por-unidos-para-cambiar-santa-fe-voto-esta-manana-en-la-localidad-de-hughes\/","title":{"rendered":"El candidato a gobernador por Unidos para Cambiar Santa Fe vot\u00f3 esta ma\u00f1ana en la localidad de Hughes."},"content":{"rendered":"\n<figure class=\"wp-block-image size-full\"><a href=\"http:\/\/armstrongyregion.com.ar\/diario\/wp-content\/uploads\/2023\/09\/pullaro.jpg\"><img loading=\"lazy\" decoding=\"async\" width=\"390\" height=\"262\" src=\"http:\/\/armstrongyregion.com.ar\/diario\/wp-content\/uploads\/2023\/09\/pullaro.jpg\" alt=\"\" class=\"wp-image-40124\" srcset=\"https:\/\/armstrongyregion.com.ar\/diario\/wp-content\/uploads\/2023\/09\/pullaro.jpg 390w, https:\/\/armstrongyregion.com.ar\/diario\/wp-content\/uploads\/2023\/09\/pullaro-300x202.jpg 300w\" sizes=\"auto, (max-width: 390px) 100vw, 390px\" \/><\/a><\/figure>\n\n\n\n<p>\u201cEs importante la elecci\u00f3n de Santa Fe, tenemos mucha expectativa en que pueda empezar un cambio en la provincia\u201d, dijo esta ma\u00f1ana el candidato a gobernador Maximiliano Pullaro, luego de emitir su voto.<\/p>\n\n\n\n<p>El postulante a la Casa Gris por el frente Unidos para Cambiar Santa Fe aprovech\u00f3 el di\u00e1logo con la prensa para pedir a los ciudadanos que vayan a votar el domingo y habl\u00f3 de las repercusiones nacionales de esta elecci\u00f3n provincial.<\/p>\n\n\n\n<p>\u201cEs una elecci\u00f3n que va a tener impacto nacional si los resultados son los que esperamos. Va a ser un mensaje de cambio para dejar atr\u00e1s un modelo populista a nivel nacional a un modelo de producci\u00f3n. Los argentinos siempre miramos para adelante y salimos para adelante\u201d, expres\u00f3 el ex ministro de Seguridad provincial.<\/p>\n\n\n\n<p>Fuente: www.lacapital.com.ar<\/p>\n","protected":false},"excerpt":{"rendered":"<p>\u201cEs importante la elecci\u00f3n de Santa Fe, tenemos mucha expectativa en que pueda empezar un cambio en la provincia\u201d, dijo esta ma\u00f1ana el candidato a gobernador Maximiliano Pullaro, luego de emitir su voto. El postulante a la Casa Gris por el frente Unidos para Cambiar Santa Fe aprovech\u00f3 el di\u00e1logo con la prensa para pedir <a href=\"https:\/\/armstrongyregion.com.ar\/diario\/el-candidato-a-gobernador-por-unidos-para-cambiar-santa-fe-voto-esta-manana-en-la-localidad-de-hughes\/\" title=\"Read more\" >&#8230;<\/a><\/p>\n","protected":false},"author":1,"featured_media":40124,"comment_status":"open","ping_status":"open","sticky":false,"template":"","format":"image","meta":{"_jetpack_memberships_contains_paid_content":false,"footnotes":"","jetpack_publicize_message":"","jetpack_publicize_feature_enabled":true,"jetpack_social_post_already_shared":true,"jetpack_social_options":{"image_generator_settings":{"template":"highway","default_image_id":0,"enabled":false},"version":2}},"categories":[8,1,2,7,3],"tags":[15,839,31,907,2846,3195],"class_list":["post-40123","post","type-post","status-publish","format-image","has-post-thumbnail","hentry","category-deliberando","category-diario-armstrong","category-locales","category-politica","category-region","tag-en","tag-hoy","tag-la","tag-manana","tag-pullaro","tag-voto","post_format-post-format-image"],"jetpack_publicize_connections":[],"jetpack_featured_media_url":"https:\/\/armstrongyregion.com.ar\/diario\/wp-content\/uploads\/2023\/09\/pullaro.jpg","jetpack_shortlink":"https:\/\/wp.me\/p62QDO-ar9","jetpack_sharing_enabled":true,"amp_enabled":true,"_links":{"self":[{"href":"https:\/\/armstrongyregion.com.ar\/diario\/wp-json\/wp\/v2\/posts\/40123","targetHints":{"allow":["GET"]}}],"collection":[{"href":"https:\/\/armstrongyregion.com.ar\/diario\/wp-json\/wp\/v2\/posts"}],"about":[{"href":"https:\/\/armstrongyregion.com.ar\/diario\/wp-json\/wp\/v2\/types\/post"}],"author":[{"embeddable":true,"href":"https:\/\/armstrongyregion.com.ar\/diario\/wp-json\/wp\/v2\/users\/1"}],"replies":[{"embeddable":true,"href":"https:\/\/armstrongyregion.com.ar\/diario\/wp-json\/wp\/v2\/comments?post=40123"}],"version-history":[{"count":2,"href":"https:\/\/armstrongyregion.com.ar\/diario\/wp-json\/wp\/v2\/posts\/40123\/revisions"}],"predecessor-version":[{"id":40126,"href":"https:\/\/armstrongyregion.com.ar\/diario\/wp-json\/wp\/v2\/posts\/40123\/revisions\/40126"}],"wp:featuredmedia":[{"embeddable":true,"href":"https:\/\/armstrongyregion.com.ar\/diario\/wp-json\/wp\/v2\/media\/40124"}],"wp:attachment":[{"href":"https:\/\/armstrongyregion.com.ar\/diario\/wp-json\/wp\/v2\/media?parent=40123"}],"wp:term":[{"taxonomy":"category","embeddable":true,"href":"https:\/\/armstrongyregion.com.ar\/diario\/wp-json\/wp\/v2\/categories?post=40123"},{"taxonomy":"post_tag","embeddable":true,"href":"https:\/\/armstrongyregion.com.ar\/diario\/wp-json\/wp\/v2\/tags?post=40123"}],"curies":[{"name":"wp","href":"https:\/\/api.w.org\/{rel}","templated":true}]}}